{"id":15219,"date":"2025-02-21T15:00:00","date_gmt":"2025-02-21T21:00:00","guid":{"rendered":"https:\/\/cronicadesoledad.com\/?p=15219"},"modified":"2025-02-21T23:28:53","modified_gmt":"2025-02-22T05:28:53","slug":"fomentan-el-cuidado-del-medio-ambiente-desde-temprana-edad","status":"publish","type":"post","link":"https:\/\/cronicadesoledad.com\/index.php\/2025\/02\/21\/fomentan-el-cuidado-del-medio-ambiente-desde-temprana-edad\/","title":{"rendered":"Fomentan el cuidado del medio ambiente desde temprana edad"},"content":{"rendered":"\n<p>Con el objetivo de sensibilizar a las nuevas generaciones sobre la importancia de cuidar el medio ambiente, el Gobierno Municipal de Soledad de Graciano S\u00e1nchez, a trav\u00e9s de la Direcci\u00f3n de Servicios Municipales, brinda pl\u00e1ticas y actividades de reforestaci\u00f3n en diversos jardines de ni\u00f1os del municipio para promover la conciencia ambiental y contribuir a un entorno saludable para las y los soledenses.<\/p>\n\n\n\n<p>Antonio Zamarripa Quintero, titular de dicha \u00e1rea municipal, detall\u00f3 que atendiendo la encomienda del Alcalde Juan Manuel Navarro Mu\u00f1iz, en estas visitas, se les ense\u00f1a a las y los infantes c\u00f3mo separar correctamente la basura entre org\u00e1nica e inorg\u00e1nica, para que desde temprana edad adquieran \u00e9l h\u00e1bito de reconocer y clasificar los residuos.<\/p>\n\n\n\n<p>&#8220;Estamos visitando los jardines de ni\u00f1os para ense\u00f1arles a los ni\u00f1os desde peque\u00f1os c\u00f3mo se debe separar la basura en org\u00e1nica e inorg\u00e1nica y aprendan a reconocerla mediante pl\u00e1ticas, hemos visitado dos planteles, tenemos pendiente otros m\u00e1s y los padres de familia han recibido la iniciativa de forma muy positiva&#8221;, destac\u00f3.<\/p>\n\n\n\n<p>Asimismo, expres\u00f3 que, como parte de estas actividades, se han sembrado \u00e1rboles en los jardines de ni\u00f1os, los cuales son apadrinados por las y los peque\u00f1os estudiantes, de esta manera aprenden sobre la importancia de la reforestaci\u00f3n, y tambi\u00e9n asumen un compromiso en el cuidado de los \u00e1rboles sembrados, fomentando el sentido de responsabilidad y amor por la naturaleza.<\/p>\n\n\n\n<p>Por \u00faltimo, resalt\u00f3 que el Ayuntamiento de Soledad de Graciano S\u00e1nchez, siempre cercano a las familias soledenses, seguir\u00e1 trabajando para garantizar un futuro m\u00e1s verde y sostenible para las y los habitantes del municipio, demostrando que cada acci\u00f3n, tiene un impacto positivo en la construcci\u00f3n de un entorno m\u00e1s saludable para todas y todos.<\/p>\n","protected":false},"excerpt":{"rendered":"<p>Con el objetivo de sensibilizar a las nuevas generaciones sobre la importancia de cuidar el medio ambiente, el Gobierno Municipal de Soledad de Graciano S\u00e1nchez, a trav\u00e9s de la Direcci\u00f3n de Servicios Municipales, brinda pl\u00e1ticas y actividades de reforestaci\u00f3n en diversos jardines de ni\u00f1os del municipio para promover la conciencia ambiental y contribuir a un [&hellip;]<\/p>\n","protected":false},"author":2,"featured_media":15220,"comment_status":"open","ping_status":"open","sticky":false,"template":"","format":"standard","meta":{"footnotes":""},"categories":[24,21],"tags":[223,850,294,261,27],"class_list":{"0":"post-15219","1":"post","2":"type-post","3":"status-publish","4":"format-standard","5":"has-post-thumbnail","7":"category-informacion-general","8":"category-tu-soledad","9":"tag-ayuntamiento-soledense","10":"tag-medio-ambiente","11":"tag-san-luis","12":"tag-slp","13":"tag-soledad"},"_links":{"self":[{"href":"https:\/\/cronicadesoledad.com\/index.php\/wp-json\/wp\/v2\/posts\/15219","targetHints":{"allow":["GET"]}}],"collection":[{"href":"https:\/\/cronicadesoledad.com\/index.php\/wp-json\/wp\/v2\/posts"}],"about":[{"href":"https:\/\/cronicadesoledad.com\/index.php\/wp-json\/wp\/v2\/types\/post"}],"author":[{"embeddable":true,"href":"https:\/\/cronicadesoledad.com\/index.php\/wp-json\/wp\/v2\/users\/2"}],"replies":[{"embeddable":true,"href":"https:\/\/cronicadesoledad.com\/index.php\/wp-json\/wp\/v2\/comments?post=15219"}],"version-history":[{"count":1,"href":"https:\/\/cronicadesoledad.com\/index.php\/wp-json\/wp\/v2\/posts\/15219\/revisions"}],"predecessor-version":[{"id":15221,"href":"https:\/\/cronicadesoledad.com\/index.php\/wp-json\/wp\/v2\/posts\/15219\/revisions\/15221"}],"wp:featuredmedia":[{"embeddable":true,"href":"https:\/\/cronicadesoledad.com\/index.php\/wp-json\/wp\/v2\/media\/15220"}],"wp:attachment":[{"href":"https:\/\/cronicadesoledad.com\/index.php\/wp-json\/wp\/v2\/media?parent=15219"}],"wp:term":[{"taxonomy":"category","embeddable":true,"href":"https:\/\/cronicadesoledad.com\/index.php\/wp-json\/wp\/v2\/categories?post=15219"},{"taxonomy":"post_tag","embeddable":true,"href":"https:\/\/cronicadesoledad.com\/index.php\/wp-json\/wp\/v2\/tags?post=15219"}],"curies":[{"name":"wp","href":"https:\/\/api.w.org\/{rel}","templated":true}]}}