{"id":15226,"date":"2025-02-23T13:05:13","date_gmt":"2025-02-23T19:05:13","guid":{"rendered":"https:\/\/cronicadesoledad.com\/?p=15226"},"modified":"2025-02-23T13:05:14","modified_gmt":"2025-02-23T19:05:14","slug":"soledad-realizara-feria-del-empleo","status":"publish","type":"post","link":"https:\/\/cronicadesoledad.com\/index.php\/2025\/02\/23\/soledad-realizara-feria-del-empleo\/","title":{"rendered":"Soledad realizar\u00e1 feria del empleo"},"content":{"rendered":"\n<p>El pr\u00f3ximo 25 de febrero, el municipio de Soledad de Graciano S\u00e1nchez llevar\u00e1 a cabo una feria del empleo dirigida a adultos mayores, personas con discapacidad y migrantes, con el prop\u00f3sito de facilitar su acceso al mercado laboral. El evento se desarrollar\u00e1 en el Centro Cultural de Soledad, de 8:00 a 14:00 horas, y contar\u00e1 con la participaci\u00f3n de m\u00e1s de 25 empresas.<\/p>\n\n\n\n<p>H\u00e9ctor Javier Andrade Ovalles, director de Desarrollo Econ\u00f3mico municipal, destac\u00f3 que esta iniciativa forma parte de la estrategia local para fortalecer la empleabilidad y la activaci\u00f3n econ\u00f3mica. Adem\u00e1s, en el marco de la feria se instalar\u00e1 el Consejo de Desarrollo Econ\u00f3mico Municipal, con la presencia de representantes empresariales, sindicales y del sector productivo.<\/p>\n\n\n\n<p>Las empresas participantes ofrecer\u00e1n vacantes en diversas \u00e1reas, desde puestos administrativos hasta operativos, en sectores como hoteler\u00eda, log\u00edstica e industria. Tambi\u00e9n se contar\u00e1 con la presencia de instituciones educativas y de capacitaci\u00f3n, como CONALEP e ICAT, que brindar\u00e1n cursos gratuitos para mejorar las habilidades de los asistentes.<\/p>\n\n\n\n<p>Para facilitar la participaci\u00f3n, se dispondr\u00e1 de transporte gratuito desde la plaza principal de Soledad hasta la sede del evento, con salidas a las 9:00 y 11:00 de la ma\u00f1ana. Se espera que la feria ofrezca m\u00e1s de 1,000 oportunidades de empleo, promoviendo la inclusi\u00f3n laboral en el municipio.<\/p>\n","protected":false},"excerpt":{"rendered":"<p>El pr\u00f3ximo 25 de febrero, el municipio de Soledad de Graciano S\u00e1nchez llevar\u00e1 a cabo una feria del empleo dirigida a adultos mayores, personas con discapacidad y migrantes, con el prop\u00f3sito de facilitar su acceso al mercado laboral. El evento se desarrollar\u00e1 en el Centro Cultural de Soledad, de 8:00 a 14:00 horas, y contar\u00e1 [&hellip;]<\/p>\n","protected":false},"author":1,"featured_media":15227,"comment_status":"open","ping_status":"open","sticky":false,"template":"","format":"standard","meta":{"footnotes":""},"categories":[1,24],"tags":[223,120,294,261,27,2512],"class_list":{"0":"post-15226","1":"post","2":"type-post","3":"status-publish","4":"format-standard","5":"has-post-thumbnail","7":"category-destacadas","8":"category-informacion-general","9":"tag-ayuntamiento-soledense","10":"tag-feria-del-empleo","11":"tag-san-luis","12":"tag-slp","13":"tag-soledad","14":"tag-trabajo"},"_links":{"self":[{"href":"https:\/\/cronicadesoledad.com\/index.php\/wp-json\/wp\/v2\/posts\/15226","targetHints":{"allow":["GET"]}}],"collection":[{"href":"https:\/\/cronicadesoledad.com\/index.php\/wp-json\/wp\/v2\/posts"}],"about":[{"href":"https:\/\/cronicadesoledad.com\/index.php\/wp-json\/wp\/v2\/types\/post"}],"author":[{"embeddable":true,"href":"https:\/\/cronicadesoledad.com\/index.php\/wp-json\/wp\/v2\/users\/1"}],"replies":[{"embeddable":true,"href":"https:\/\/cronicadesoledad.com\/index.php\/wp-json\/wp\/v2\/comments?post=15226"}],"version-history":[{"count":1,"href":"https:\/\/cronicadesoledad.com\/index.php\/wp-json\/wp\/v2\/posts\/15226\/revisions"}],"predecessor-version":[{"id":15228,"href":"https:\/\/cronicadesoledad.com\/index.php\/wp-json\/wp\/v2\/posts\/15226\/revisions\/15228"}],"wp:featuredmedia":[{"embeddable":true,"href":"https:\/\/cronicadesoledad.com\/index.php\/wp-json\/wp\/v2\/media\/15227"}],"wp:attachment":[{"href":"https:\/\/cronicadesoledad.com\/index.php\/wp-json\/wp\/v2\/media?parent=15226"}],"wp:term":[{"taxonomy":"category","embeddable":true,"href":"https:\/\/cronicadesoledad.com\/index.php\/wp-json\/wp\/v2\/categories?post=15226"},{"taxonomy":"post_tag","embeddable":true,"href":"https:\/\/cronicadesoledad.com\/index.php\/wp-json\/wp\/v2\/tags?post=15226"}],"curies":[{"name":"wp","href":"https:\/\/api.w.org\/{rel}","templated":true}]}}