{"id":15244,"date":"2025-02-24T04:15:00","date_gmt":"2025-02-24T10:15:00","guid":{"rendered":"https:\/\/cronicadesoledad.com\/?p=15244"},"modified":"2025-02-23T23:57:14","modified_gmt":"2025-02-24T05:57:14","slug":"refuerzan-compromiso-con-el-bienestar-de-las-mujeres","status":"publish","type":"post","link":"https:\/\/cronicadesoledad.com\/index.php\/2025\/02\/24\/refuerzan-compromiso-con-el-bienestar-de-las-mujeres\/","title":{"rendered":"Refuerzan compromiso con el bienestar de las mujeres"},"content":{"rendered":"\n<p>Con la colaboraci\u00f3n del Gobierno Estatal, a trav\u00e9s del Instituto de las Mujeres en el Estado (IMES), el Ayuntamiento de Soledad de Graciano S\u00e1nchez implementa un programa de sensibilizaci\u00f3n y capacitaci\u00f3n a hombres y mujeres que laboran en la administraci\u00f3n municipal, respaldados por el inter\u00e9s del Alcalde, Juan Manuel Navarro Mu\u00f1iz, de fortalecer la protecci\u00f3n y el bienestar de las mujeres, ni\u00f1as y adolescentes que habitan en el municipio.<\/p>\n\n\n\n<p>En el objetivo de reafirmar la cercan\u00eda con las mujeres, como sector vulnerable, esta semana, el IMES inici\u00f3 una capacitaci\u00f3n intensiva a varones que se desempe\u00f1an en \u00e1reas operativas y administrativas de toda la administraci\u00f3n municipal, en la que se les sensibiliza sobre las nuevas masculinidades y la reeducaci\u00f3n en g\u00e9nero, lo que les permitir\u00e1 fomentar la b\u00fasqueda de entornos m\u00e1s seguros y libres de violencia y promover un servicio p\u00fablico con perspectiva de igualdad.<\/p>\n\n\n\n<p>Al respecto, el Alcalde Juan Manuel Navarro Mu\u00f1iz enfatiz\u00f3 el compromiso de su Gobierno con la erradicaci\u00f3n de la violencia de g\u00e9nero y la promoci\u00f3n de la igualdad. \u201cEn Soledad de Graciano S\u00e1nchez no permitiremos ning\u00fan acto que vulnere los derechos de las mujeres, la pol\u00edtica de cero tolerancia es clara, y con estas capacitaciones buscamos que cada servidor p\u00fablico asuma su responsabilidad en la construcci\u00f3n de un entorno seguro y de respeto para todas\u201d, expres\u00f3.<\/p>\n\n\n\n<p>El programa incluye talleres sobre derechos humanos de las mujeres, igualdad de g\u00e9nero y erradicaci\u00f3n de la violencia, con el objetivo de generar conciencia y evitar la reproducci\u00f3n de conductas que atenten contra la integridad de las mujeres, donde los participantes analizan c\u00f3mo han sido socialmente formados y la importancia de modificar patrones de conducta que perpet\u00faan la desigualdad y la violencia.<\/p>\n\n\n\n<p>\u201cEs fundamental que los hombres reflexionen sobre las pr\u00e1cticas que el machismo ha normalizado a lo largo de la historia, queremos que esta formaci\u00f3n les ayude a desempe\u00f1ar mejor su labor, y que transforme su manera de relacionarse con sus familias y la poblaci\u00f3n\u201d, agreg\u00f3 la titular del IMES, Gloria Serrato S\u00e1nchez, en el marco del inicio de esta capacitaci\u00f3n.<\/p>\n\n\n\n<p>Adem\u00e1s, se han realizado otras jornadas de capacitaci\u00f3n institucional para cerca de 300 empleadas y empleados de m\u00e1s \u00e1reas municipales, entre agentes de la Guardia Civil Municipal y oficinas que brindan servicio directo a la ciudadan\u00eda, en temas como la implementaci\u00f3n de medidas para la protecci\u00f3n de menores y mujeres, avalados por instituciones educativas a nivel nacional.<\/p>\n\n\n\n<p>Con estas acciones, el Gobierno Municipal de Soledad de Graciano S\u00e1nchez demuestra que no hay espacio para la violencia ni para la indiferencia, y est\u00e1 construyendo un Gobierno cercano, que garantice un ambiente seguro y de respeto para todas y todos.<\/p>\n","protected":false},"excerpt":{"rendered":"<p>Con la colaboraci\u00f3n del Gobierno Estatal, a trav\u00e9s del Instituto de las Mujeres en el Estado (IMES), el Ayuntamiento de Soledad de Graciano S\u00e1nchez implementa un programa de sensibilizaci\u00f3n y capacitaci\u00f3n a hombres y mujeres que laboran en la administraci\u00f3n municipal, respaldados por el inter\u00e9s del Alcalde, Juan Manuel Navarro Mu\u00f1iz, de fortalecer la protecci\u00f3n [&hellip;]<\/p>\n","protected":false},"author":2,"featured_media":15245,"comment_status":"open","ping_status":"open","sticky":false,"template":"","format":"standard","meta":{"footnotes":""},"categories":[1,24,21],"tags":[1884,1968,223,3410,1967,318,294,27],"class_list":{"0":"post-15244","1":"post","2":"type-post","3":"status-publish","4":"format-standard","5":"has-post-thumbnail","7":"category-destacadas","8":"category-informacion-general","9":"category-tu-soledad","10":"tag-8m","11":"tag-alcalde","12":"tag-ayuntamiento-soledense","13":"tag-imes","14":"tag-juan-manuel-navarro","15":"tag-mujeres","16":"tag-san-luis","17":"tag-soledad"},"_links":{"self":[{"href":"https:\/\/cronicadesoledad.com\/index.php\/wp-json\/wp\/v2\/posts\/15244","targetHints":{"allow":["GET"]}}],"collection":[{"href":"https:\/\/cronicadesoledad.com\/index.php\/wp-json\/wp\/v2\/posts"}],"about":[{"href":"https:\/\/cronicadesoledad.com\/index.php\/wp-json\/wp\/v2\/types\/post"}],"author":[{"embeddable":true,"href":"https:\/\/cronicadesoledad.com\/index.php\/wp-json\/wp\/v2\/users\/2"}],"replies":[{"embeddable":true,"href":"https:\/\/cronicadesoledad.com\/index.php\/wp-json\/wp\/v2\/comments?post=15244"}],"version-history":[{"count":1,"href":"https:\/\/cronicadesoledad.com\/index.php\/wp-json\/wp\/v2\/posts\/15244\/revisions"}],"predecessor-version":[{"id":15246,"href":"https:\/\/cronicadesoledad.com\/index.php\/wp-json\/wp\/v2\/posts\/15244\/revisions\/15246"}],"wp:featuredmedia":[{"embeddable":true,"href":"https:\/\/cronicadesoledad.com\/index.php\/wp-json\/wp\/v2\/media\/15245"}],"wp:attachment":[{"href":"https:\/\/cronicadesoledad.com\/index.php\/wp-json\/wp\/v2\/media?parent=15244"}],"wp:term":[{"taxonomy":"category","embeddable":true,"href":"https:\/\/cronicadesoledad.com\/index.php\/wp-json\/wp\/v2\/categories?post=15244"},{"taxonomy":"post_tag","embeddable":true,"href":"https:\/\/cronicadesoledad.com\/index.php\/wp-json\/wp\/v2\/tags?post=15244"}],"curies":[{"name":"wp","href":"https:\/\/api.w.org\/{rel}","templated":true}]}}