{"id":15278,"date":"2025-02-24T21:50:00","date_gmt":"2025-02-25T03:50:00","guid":{"rendered":"https:\/\/cronicadesoledad.com\/?p=15278"},"modified":"2025-02-24T21:51:05","modified_gmt":"2025-02-25T03:51:05","slug":"apoyan-a-140-familias-de-agricultores-y-ganaderos-con-maquinaria-en-soledad","status":"publish","type":"post","link":"https:\/\/cronicadesoledad.com\/index.php\/2025\/02\/24\/apoyan-a-140-familias-de-agricultores-y-ganaderos-con-maquinaria-en-soledad\/","title":{"rendered":"Apoyan a 140 familias de agricultores y ganaderos con maquinaria en Soledad"},"content":{"rendered":"\n<p>Para impulsar el trabajo de agricultores y ganaderos del municipio, la Secretar\u00eda de Desarrollo Agropecuario y Recursos Hidr\u00e1ulicos (Sedarh) entreg\u00f3 maquinaria, equipo y herramientas a m\u00e1s de 140 familias dedicadas al campo.<\/p>\n\n\n\n<p>El evento estuvo encabezado por Jorge Luis D\u00edaz Salinas, titular de la Sedarh, en representaci\u00f3n del Gobernador Ricardo Gallardo Cardona, y el alcalde soledense Juan Manuel Navarro Mu\u00f1iz. Con una inversi\u00f3n de cuatro millones de pesos, se otorgaron apoyos a trav\u00e9s del Programa de Maquinaria y Equipo, incluyendo cuatro remolques ganaderos, cinco remolques de cama baja, 13 desbrozadoras, dos cargadores frontales, una ensiladora, una sembradora, 120 lotes de herramientas y decenas de rollos de cintilla para mejorar el riego.<\/p>\n\n\n\n<p>D\u00edaz Salinas resalt\u00f3 que esta entrega forma parte del eje Campo Sostenible, del Plan Estatal de Desarrollo 2021-2027, con el prop\u00f3sito de aumentar la productividad del sector y mejorar las condiciones de vida de los productores.<\/p>\n\n\n\n<p>Las autoridades reafirmaron su compromiso de seguir impulsando estrategias que fortalezcan el sector agropecuario, brindando mejores condiciones de trabajo y mayor rentabilidad para las familias que dependen del campo.<\/p>\n","protected":false},"excerpt":{"rendered":"<p>Para impulsar el trabajo de agricultores y ganaderos del municipio, la Secretar\u00eda de Desarrollo Agropecuario y Recursos Hidr\u00e1ulicos (Sedarh) entreg\u00f3 maquinaria, equipo y herramientas a m\u00e1s de 140 familias dedicadas al campo. El evento estuvo encabezado por Jorge Luis D\u00edaz Salinas, titular de la Sedarh, en representaci\u00f3n del Gobernador Ricardo Gallardo Cardona, y el alcalde [&hellip;]<\/p>\n","protected":false},"author":1,"featured_media":15279,"comment_status":"open","ping_status":"open","sticky":false,"template":"","format":"standard","meta":{"footnotes":""},"categories":[24],"tags":[2429,294,484,261,27],"class_list":{"0":"post-15278","1":"post","2":"type-post","3":"status-publish","4":"format-standard","5":"has-post-thumbnail","7":"category-informacion-general","8":"tag-gobierno-estatal","9":"tag-san-luis","10":"tag-sedarh","11":"tag-slp","12":"tag-soledad"},"_links":{"self":[{"href":"https:\/\/cronicadesoledad.com\/index.php\/wp-json\/wp\/v2\/posts\/15278","targetHints":{"allow":["GET"]}}],"collection":[{"href":"https:\/\/cronicadesoledad.com\/index.php\/wp-json\/wp\/v2\/posts"}],"about":[{"href":"https:\/\/cronicadesoledad.com\/index.php\/wp-json\/wp\/v2\/types\/post"}],"author":[{"embeddable":true,"href":"https:\/\/cronicadesoledad.com\/index.php\/wp-json\/wp\/v2\/users\/1"}],"replies":[{"embeddable":true,"href":"https:\/\/cronicadesoledad.com\/index.php\/wp-json\/wp\/v2\/comments?post=15278"}],"version-history":[{"count":1,"href":"https:\/\/cronicadesoledad.com\/index.php\/wp-json\/wp\/v2\/posts\/15278\/revisions"}],"predecessor-version":[{"id":15280,"href":"https:\/\/cronicadesoledad.com\/index.php\/wp-json\/wp\/v2\/posts\/15278\/revisions\/15280"}],"wp:featuredmedia":[{"embeddable":true,"href":"https:\/\/cronicadesoledad.com\/index.php\/wp-json\/wp\/v2\/media\/15279"}],"wp:attachment":[{"href":"https:\/\/cronicadesoledad.com\/index.php\/wp-json\/wp\/v2\/media?parent=15278"}],"wp:term":[{"taxonomy":"category","embeddable":true,"href":"https:\/\/cronicadesoledad.com\/index.php\/wp-json\/wp\/v2\/categories?post=15278"},{"taxonomy":"post_tag","embeddable":true,"href":"https:\/\/cronicadesoledad.com\/index.php\/wp-json\/wp\/v2\/tags?post=15278"}],"curies":[{"name":"wp","href":"https:\/\/api.w.org\/{rel}","templated":true}]}}