{"id":15291,"date":"2025-02-25T20:39:07","date_gmt":"2025-02-26T02:39:07","guid":{"rendered":"https:\/\/cronicadesoledad.com\/?p=15291"},"modified":"2025-02-25T22:50:37","modified_gmt":"2025-02-26T04:50:37","slug":"alcalde-de-soledad-de-graciano-sanchez-inaugura-la-feria-del-empleo","status":"publish","type":"post","link":"https:\/\/cronicadesoledad.com\/index.php\/2025\/02\/25\/alcalde-de-soledad-de-graciano-sanchez-inaugura-la-feria-del-empleo\/","title":{"rendered":"Alcalde Navarro inaugur\u00f3 la Feria del Empleo"},"content":{"rendered":"\n<p>Con m\u00e1s de 25 empresas ofreciendo m\u00e1s de mil vacantes, el alcalde Juan Manuel Navarro Mu\u00f1iz puso en marcha la primera Feria del Empleo del a\u00f1o en la explanada del Teatro y Centro Cultural. La idea es acercar oportunidades laborales a quienes buscan trabajo y seguir impulsando el crecimiento econ\u00f3mico del municipio.<\/p>\n\n\n\n<p>El presidente municipal destac\u00f3 el talento y la preparaci\u00f3n de la gente de Soledad de Graciano S\u00e1nchez, as\u00ed como el auge empresarial que ha generado m\u00e1s empleos. \u201cAqu\u00ed en Soledad, quien quiere trabajar, tiene opciones. Tenemos mano de obra calificada y cada vez m\u00e1s personas con estudios superiores\u201d, se\u00f1al\u00f3 Navarro Mu\u00f1iz.<\/p>\n\n\n\n<p>H\u00e9ctor Xavier Andrade Ovalle, director de Desarrollo Econ\u00f3mico Municipal, explic\u00f3 que este a\u00f1o la feria ampli\u00f3 su oferta incluyendo puestos administrativos y especializados. \u201cNo solo hay vacantes operativas, tambi\u00e9n hay oportunidades para j\u00f3venes con estudios t\u00e9cnicos y universitarios. Empresas del sector industrial, telecomunicaciones, agencias de viajes y restaurantes conf\u00edan en el talento soledense\u201d, coment\u00f3.<\/p>\n\n\n\n<p>Rodrigo S\u00e1nchez Espinoza, presidente de Industriales Potosinos A.C. (IPAC), resalt\u00f3 la importancia de que empresas, gobierno y trabajadores colaboren para afrontar los retos econ\u00f3micos. Por su parte, C\u00e9sar Arturo Lara Rocha, presidente de la CROM y diputado local, destac\u00f3 que estas alianzas refuerzan la estabilidad laboral y ayudan a anticipar tiempos dif\u00edciles.<\/p>\n\n\n\n<p>Para hacer la feria m\u00e1s inclusiva, se habilit\u00f3 un m\u00f3dulo especial para apoyar a connacionales en busca de empleo y tambi\u00e9n opciones para personas con discapacidad. Adem\u00e1s, la Direcci\u00f3n de Desarrollo Econ\u00f3mico mantiene abierta una bolsa de trabajo durante todo el a\u00f1o para conectar a buscadores de empleo con empresas.<\/p>\n","protected":false},"excerpt":{"rendered":"<p>Con m\u00e1s de 25 empresas ofreciendo m\u00e1s de mil vacantes, el alcalde Juan Manuel Navarro Mu\u00f1iz puso en marcha la primera Feria del Empleo del a\u00f1o en la explanada del Teatro y Centro Cultural. La idea es acercar oportunidades laborales a quienes buscan trabajo y seguir impulsando el crecimiento econ\u00f3mico del municipio. El presidente municipal [&hellip;]<\/p>\n","protected":false},"author":1,"featured_media":15292,"comment_status":"open","ping_status":"open","sticky":false,"template":"","format":"standard","meta":{"footnotes":""},"categories":[1,24,21],"tags":[3357,120,2212,294,261,27],"class_list":{"0":"post-15291","1":"post","2":"type-post","3":"status-publish","4":"format-standard","5":"has-post-thumbnail","7":"category-destacadas","8":"category-informacion-general","9":"category-tu-soledad","10":"tag-economia-2","11":"tag-feria-del-empleo","12":"tag-juan-manuel-navarro-muliz","13":"tag-san-luis","14":"tag-slp","15":"tag-soledad"},"_links":{"self":[{"href":"https:\/\/cronicadesoledad.com\/index.php\/wp-json\/wp\/v2\/posts\/15291","targetHints":{"allow":["GET"]}}],"collection":[{"href":"https:\/\/cronicadesoledad.com\/index.php\/wp-json\/wp\/v2\/posts"}],"about":[{"href":"https:\/\/cronicadesoledad.com\/index.php\/wp-json\/wp\/v2\/types\/post"}],"author":[{"embeddable":true,"href":"https:\/\/cronicadesoledad.com\/index.php\/wp-json\/wp\/v2\/users\/1"}],"replies":[{"embeddable":true,"href":"https:\/\/cronicadesoledad.com\/index.php\/wp-json\/wp\/v2\/comments?post=15291"}],"version-history":[{"count":2,"href":"https:\/\/cronicadesoledad.com\/index.php\/wp-json\/wp\/v2\/posts\/15291\/revisions"}],"predecessor-version":[{"id":15303,"href":"https:\/\/cronicadesoledad.com\/index.php\/wp-json\/wp\/v2\/posts\/15291\/revisions\/15303"}],"wp:featuredmedia":[{"embeddable":true,"href":"https:\/\/cronicadesoledad.com\/index.php\/wp-json\/wp\/v2\/media\/15292"}],"wp:attachment":[{"href":"https:\/\/cronicadesoledad.com\/index.php\/wp-json\/wp\/v2\/media?parent=15291"}],"wp:term":[{"taxonomy":"category","embeddable":true,"href":"https:\/\/cronicadesoledad.com\/index.php\/wp-json\/wp\/v2\/categories?post=15291"},{"taxonomy":"post_tag","embeddable":true,"href":"https:\/\/cronicadesoledad.com\/index.php\/wp-json\/wp\/v2\/tags?post=15291"}],"curies":[{"name":"wp","href":"https:\/\/api.w.org\/{rel}","templated":true}]}}