{"id":15297,"date":"2025-02-25T21:50:02","date_gmt":"2025-02-26T03:50:02","guid":{"rendered":"https:\/\/cronicadesoledad.com\/?p=15297"},"modified":"2025-02-25T22:56:06","modified_gmt":"2025-02-26T04:56:06","slug":"soledad-de-graciano-sanchez-se-alista-para-el-carnaval-2025-una-fiesta-llena-de-magia-y-tradicion","status":"publish","type":"post","link":"https:\/\/cronicadesoledad.com\/index.php\/2025\/02\/25\/soledad-de-graciano-sanchez-se-alista-para-el-carnaval-2025-una-fiesta-llena-de-magia-y-tradicion\/","title":{"rendered":"Todo listo para el Carnaval 2025"},"content":{"rendered":"\n<p>Soledad de Graciano S\u00e1nchez est\u00e1 lista para recibir el Carnaval 2025, que se celebrar\u00e1 el domingo 2 de marzo, con el lema \u201cMagia y Fantas\u00eda\u201d. Este evento, impulsado por el Gobierno Municipal encabezado por el Alcalde Juan Manuel Navarro Mu\u00f1iz, se ha convertido en una de las fiestas m\u00e1s esperadas del a\u00f1o, destac\u00e1ndose por su colorido y la oportunidad que ofrece para la convivencia familiar y la integraci\u00f3n social.<\/p>\n\n\n\n<p>Felipe C\u00e1rdenas Quibrera, director de Cultura Municipal, se\u00f1al\u00f3 que el Carnaval 2025 es una excelente oportunidad para fortalecer los lazos familiares, uno de los aspectos clave de esta celebraci\u00f3n. Adem\u00e1s, destac\u00f3 que este evento es una forma de acercar la cultura a toda la comunidad, creando un espacio para que las y los soledenses puedan disfrutar y celebrar juntos.<\/p>\n\n\n\n<p>El desfile comenzar\u00e1 a las 17:00 horas con dos contingentes que partir\u00e1n desde el Teatro y Centro Cultural de Soledad y Plaza Citadina, recorriendo las principales calles de la Cabecera Municipal hasta llegar al Jard\u00edn Hidalgo, donde se llevar\u00e1 a cabo una gran fiesta llena de sorpresas y actividades para todos.<\/p>\n\n\n\n<p>Este a\u00f1o, los carros aleg\u00f3ricos transportar\u00e1n a los asistentes a un mundo m\u00e1gico con tem\u00e1ticas como el Circo de la Alegr\u00eda, el Bosque Encantado y el Reino de la Naturaleza Tropical. Adem\u00e1s, el desfile contar\u00e1 con zanqueros, malabaristas, lanzafuegos, bastoneras, bailarinas, rumberas y otros personajes fant\u00e1sticos, mientras que la m\u00fasica en vivo y las batucadas mantendr\u00e1n el ritmo durante todo el recorrido.<\/p>\n\n\n\n<p>Una vez que el desfile llegue al Jard\u00edn Hidalgo, la fiesta continuar\u00e1 con m\u00fasica en vivo y actividades como pintacaritas y juegos para los m\u00e1s peque\u00f1os. Las agrupaciones \u201cLos del Tsurito\u201d y \u201cBarrio Caliente\u201d estar\u00e1n encargadas de ponerle sabor a la celebraci\u00f3n, asegurando que no falte energ\u00eda ni diversi\u00f3n para toda la familia.<\/p>\n\n\n\n<p>En su d\u00e9cima tercera edici\u00f3n, el Carnaval de Soledad sigue siendo una de las principales tradiciones del municipio, un s\u00edmbolo de la unidad y el entusiasmo de los soledenses.<\/p>\n","protected":false},"excerpt":{"rendered":"<p>Soledad de Graciano S\u00e1nchez est\u00e1 lista para recibir el Carnaval 2025, que se celebrar\u00e1 el domingo 2 de marzo, con el lema \u201cMagia y Fantas\u00eda\u201d. Este evento, impulsado por el Gobierno Municipal encabezado por el Alcalde Juan Manuel Navarro Mu\u00f1iz, se ha convertido en una de las fiestas m\u00e1s esperadas del a\u00f1o, destac\u00e1ndose por su [&hellip;]<\/p>\n","protected":false},"author":1,"featured_media":15298,"comment_status":"open","ping_status":"open","sticky":false,"template":"","format":"standard","meta":{"footnotes":""},"categories":[3171,24],"tags":[1719,334,294,261,27],"class_list":{"0":"post-15297","1":"post","2":"type-post","3":"status-publish","4":"format-standard","5":"has-post-thumbnail","7":"category-cultura","8":"category-informacion-general","9":"tag-carnaval","10":"tag-cultura","11":"tag-san-luis","12":"tag-slp","13":"tag-soledad"},"_links":{"self":[{"href":"https:\/\/cronicadesoledad.com\/index.php\/wp-json\/wp\/v2\/posts\/15297","targetHints":{"allow":["GET"]}}],"collection":[{"href":"https:\/\/cronicadesoledad.com\/index.php\/wp-json\/wp\/v2\/posts"}],"about":[{"href":"https:\/\/cronicadesoledad.com\/index.php\/wp-json\/wp\/v2\/types\/post"}],"author":[{"embeddable":true,"href":"https:\/\/cronicadesoledad.com\/index.php\/wp-json\/wp\/v2\/users\/1"}],"replies":[{"embeddable":true,"href":"https:\/\/cronicadesoledad.com\/index.php\/wp-json\/wp\/v2\/comments?post=15297"}],"version-history":[{"count":2,"href":"https:\/\/cronicadesoledad.com\/index.php\/wp-json\/wp\/v2\/posts\/15297\/revisions"}],"predecessor-version":[{"id":15305,"href":"https:\/\/cronicadesoledad.com\/index.php\/wp-json\/wp\/v2\/posts\/15297\/revisions\/15305"}],"wp:featuredmedia":[{"embeddable":true,"href":"https:\/\/cronicadesoledad.com\/index.php\/wp-json\/wp\/v2\/media\/15298"}],"wp:attachment":[{"href":"https:\/\/cronicadesoledad.com\/index.php\/wp-json\/wp\/v2\/media?parent=15297"}],"wp:term":[{"taxonomy":"category","embeddable":true,"href":"https:\/\/cronicadesoledad.com\/index.php\/wp-json\/wp\/v2\/categories?post=15297"},{"taxonomy":"post_tag","embeddable":true,"href":"https:\/\/cronicadesoledad.com\/index.php\/wp-json\/wp\/v2\/tags?post=15297"}],"curies":[{"name":"wp","href":"https:\/\/api.w.org\/{rel}","templated":true}]}}