{"id":15313,"date":"2025-02-26T08:42:25","date_gmt":"2025-02-26T14:42:25","guid":{"rendered":"https:\/\/cronicadesoledad.com\/?p=15313"},"modified":"2025-02-26T08:42:25","modified_gmt":"2025-02-26T14:42:25","slug":"soledad-impulsa-campana-para-prevenir-el-consumo-de-drogas-en-jovenes","status":"publish","type":"post","link":"https:\/\/cronicadesoledad.com\/index.php\/2025\/02\/26\/soledad-impulsa-campana-para-prevenir-el-consumo-de-drogas-en-jovenes\/","title":{"rendered":"Soledad impulsa campa\u00f1a para prevenir el consumo de drogas en j\u00f3venes"},"content":{"rendered":"\n<p>En un esfuerzo por prevenir el consumo de drogas entre los j\u00f3venes, el Ayuntamiento de Soledad ha implementado una serie de estrategias dirigidas a estudiantes de secundaria. Entre estas acciones destacan la difusi\u00f3n de mensajes preventivos a trav\u00e9s de medios de comunicaci\u00f3n masiva y la distribuci\u00f3n de materiales informativos para familias, con el objetivo de fortalecer la conciencia y el apoyo en el hogar.<\/p>\n\n\n\n<p>La directora de Educaci\u00f3n y Acci\u00f3n C\u00edvica, Castro, se\u00f1al\u00f3 que, aunque dentro de las escuelas municipales de Soledad no se han detectado casos espec\u00edficos de consumo de drogas, la problem\u00e1tica est\u00e1 en aumento, especialmente entre j\u00f3venes a partir de los 12 a\u00f1os. Si bien hasta el momento no se han recibido reportes formales sobre el consumo de sustancias dentro de los planteles educativos, las autoridades educativas se mantienen atentas a las solicitudes de cada escuela para abordar los temas que consideren prioritarios.<\/p>\n\n\n\n<p>En este sentido, una secundaria del municipio ha solicitado apoyo para tratar el tema del consumo de drogas entre sus estudiantes. Para responder a esta necesidad, el Ayuntamiento trabaja en colaboraci\u00f3n con el Centro de Rehabilitaci\u00f3n Temazcalli y con estudiantes de psicolog\u00eda de la Universidad Pedag\u00f3gica Nacional. A trav\u00e9s de su servicio social, estos estudiantes brindan orientaci\u00f3n y apoyo a los j\u00f3venes, con el fin de sensibilizarlos sobre los riesgos asociados al consumo de drogas.<\/p>\n\n\n\n<p>Finalmente, Castro reiter\u00f3 el compromiso de la Direcci\u00f3n de Educaci\u00f3n y Acci\u00f3n C\u00edvica para seguir fortaleciendo los programas de prevenci\u00f3n en el municipio. Subray\u00f3 la importancia de generar conciencia entre la poblaci\u00f3n y de brindar apoyo a las familias que enfrentan esta problem\u00e1tica, reafirmando la necesidad de un trabajo conjunto entre autoridades, instituciones y sociedad para proteger a la juventud soledense.<\/p>\n","protected":false},"excerpt":{"rendered":"<p>En un esfuerzo por prevenir el consumo de drogas entre los j\u00f3venes, el Ayuntamiento de Soledad ha implementado una serie de estrategias dirigidas a estudiantes de secundaria. Entre estas acciones destacan la difusi\u00f3n de mensajes preventivos a trav\u00e9s de medios de comunicaci\u00f3n masiva y la distribuci\u00f3n de materiales informativos para familias, con el objetivo de [&hellip;]<\/p>\n","protected":false},"author":1,"featured_media":15314,"comment_status":"open","ping_status":"open","sticky":false,"template":"","format":"standard","meta":{"footnotes":""},"categories":[1,24,21],"tags":[3419,1382,2741,269,294,261,27],"class_list":{"0":"post-15313","1":"post","2":"type-post","3":"status-publish","4":"format-standard","5":"has-post-thumbnail","7":"category-destacadas","8":"category-informacion-general","9":"category-tu-soledad","10":"tag-accion-civica","11":"tag-drogas","12":"tag-jovenes-3","13":"tag-salud","14":"tag-san-luis","15":"tag-slp","16":"tag-soledad"},"_links":{"self":[{"href":"https:\/\/cronicadesoledad.com\/index.php\/wp-json\/wp\/v2\/posts\/15313","targetHints":{"allow":["GET"]}}],"collection":[{"href":"https:\/\/cronicadesoledad.com\/index.php\/wp-json\/wp\/v2\/posts"}],"about":[{"href":"https:\/\/cronicadesoledad.com\/index.php\/wp-json\/wp\/v2\/types\/post"}],"author":[{"embeddable":true,"href":"https:\/\/cronicadesoledad.com\/index.php\/wp-json\/wp\/v2\/users\/1"}],"replies":[{"embeddable":true,"href":"https:\/\/cronicadesoledad.com\/index.php\/wp-json\/wp\/v2\/comments?post=15313"}],"version-history":[{"count":1,"href":"https:\/\/cronicadesoledad.com\/index.php\/wp-json\/wp\/v2\/posts\/15313\/revisions"}],"predecessor-version":[{"id":15315,"href":"https:\/\/cronicadesoledad.com\/index.php\/wp-json\/wp\/v2\/posts\/15313\/revisions\/15315"}],"wp:featuredmedia":[{"embeddable":true,"href":"https:\/\/cronicadesoledad.com\/index.php\/wp-json\/wp\/v2\/media\/15314"}],"wp:attachment":[{"href":"https:\/\/cronicadesoledad.com\/index.php\/wp-json\/wp\/v2\/media?parent=15313"}],"wp:term":[{"taxonomy":"category","embeddable":true,"href":"https:\/\/cronicadesoledad.com\/index.php\/wp-json\/wp\/v2\/categories?post=15313"},{"taxonomy":"post_tag","embeddable":true,"href":"https:\/\/cronicadesoledad.com\/index.php\/wp-json\/wp\/v2\/tags?post=15313"}],"curies":[{"name":"wp","href":"https:\/\/api.w.org\/{rel}","templated":true}]}}