{"id":15326,"date":"2025-02-26T20:13:37","date_gmt":"2025-02-27T02:13:37","guid":{"rendered":"https:\/\/cronicadesoledad.com\/?p=15326"},"modified":"2025-02-26T23:34:30","modified_gmt":"2025-02-27T05:34:30","slug":"aprueban-cuenta-publica-anual-2024-en-soledad-de-graciano-sanchez","status":"publish","type":"post","link":"https:\/\/cronicadesoledad.com\/index.php\/2025\/02\/26\/aprueban-cuenta-publica-anual-2024-en-soledad-de-graciano-sanchez\/","title":{"rendered":"Aprueban Cuenta P\u00fablica Anual 2024"},"content":{"rendered":"\n<p>El Ayuntamiento de Soledad de Graciano S\u00e1nchez aprob\u00f3 la Cuenta P\u00fablica Anual 2024 durante la d\u00e9cima sesi\u00f3n ordinaria de Cabildo, con base en el dictamen de la Comisi\u00f3n Permanente de Hacienda Municipal.<\/p>\n\n\n\n<p>En la sesi\u00f3n, presidida por el secretario general del Ayuntamiento, Benjam\u00edn P\u00e9rez \u00c1lvarez, el tesorero municipal, Jos\u00e9 Guadalupe P\u00e9rez Z\u00fa\u00f1iga, explic\u00f3 que el documento re\u00fane los reportes financieros de las cuatro cuentas p\u00fablicas trimestrales del ejercicio fiscal anterior. En \u00e9l se detallan los ingresos y egresos tanto de la actual como de la administraci\u00f3n anterior, cumpliendo con los programas y acciones municipales.<\/p>\n\n\n\n<p>El tesorero tambi\u00e9n inform\u00f3 que, como resultado del ejercicio financiero, el Ayuntamiento registr\u00f3 un ahorro de m\u00e1s de 88 millones de pesos, lo que atribuy\u00f3 a la administraci\u00f3n eficiente de los recursos p\u00fablicos.<\/p>\n\n\n\n<p>Durante la sesi\u00f3n, se destac\u00f3 que la gesti\u00f3n municipal ha implementado estrategias de ahorro y optimizaci\u00f3n del gasto con el objetivo de mantener estabilidad financiera y atender las necesidades de la poblaci\u00f3n.<\/p>\n","protected":false},"excerpt":{"rendered":"<p>El Ayuntamiento de Soledad de Graciano S\u00e1nchez aprob\u00f3 la Cuenta P\u00fablica Anual 2024 durante la d\u00e9cima sesi\u00f3n ordinaria de Cabildo, con base en el dictamen de la Comisi\u00f3n Permanente de Hacienda Municipal. En la sesi\u00f3n, presidida por el secretario general del Ayuntamiento, Benjam\u00edn P\u00e9rez \u00c1lvarez, el tesorero municipal, Jos\u00e9 Guadalupe P\u00e9rez Z\u00fa\u00f1iga, explic\u00f3 que el [&hellip;]<\/p>\n","protected":false},"author":1,"featured_media":15327,"comment_status":"open","ping_status":"open","sticky":false,"template":"","format":"standard","meta":{"footnotes":""},"categories":[1,24,21],"tags":[223,824,3357,2740,294,261,27],"class_list":{"0":"post-15326","1":"post","2":"type-post","3":"status-publish","4":"format-standard","5":"has-post-thumbnail","7":"category-destacadas","8":"category-informacion-general","9":"category-tu-soledad","10":"tag-ayuntamiento-soledense","11":"tag-cabildo","12":"tag-economia-2","13":"tag-jose-guadalupe-zuniga","14":"tag-san-luis","15":"tag-slp","16":"tag-soledad"},"_links":{"self":[{"href":"https:\/\/cronicadesoledad.com\/index.php\/wp-json\/wp\/v2\/posts\/15326","targetHints":{"allow":["GET"]}}],"collection":[{"href":"https:\/\/cronicadesoledad.com\/index.php\/wp-json\/wp\/v2\/posts"}],"about":[{"href":"https:\/\/cronicadesoledad.com\/index.php\/wp-json\/wp\/v2\/types\/post"}],"author":[{"embeddable":true,"href":"https:\/\/cronicadesoledad.com\/index.php\/wp-json\/wp\/v2\/users\/1"}],"replies":[{"embeddable":true,"href":"https:\/\/cronicadesoledad.com\/index.php\/wp-json\/wp\/v2\/comments?post=15326"}],"version-history":[{"count":2,"href":"https:\/\/cronicadesoledad.com\/index.php\/wp-json\/wp\/v2\/posts\/15326\/revisions"}],"predecessor-version":[{"id":15331,"href":"https:\/\/cronicadesoledad.com\/index.php\/wp-json\/wp\/v2\/posts\/15326\/revisions\/15331"}],"wp:featuredmedia":[{"embeddable":true,"href":"https:\/\/cronicadesoledad.com\/index.php\/wp-json\/wp\/v2\/media\/15327"}],"wp:attachment":[{"href":"https:\/\/cronicadesoledad.com\/index.php\/wp-json\/wp\/v2\/media?parent=15326"}],"wp:term":[{"taxonomy":"category","embeddable":true,"href":"https:\/\/cronicadesoledad.com\/index.php\/wp-json\/wp\/v2\/categories?post=15326"},{"taxonomy":"post_tag","embeddable":true,"href":"https:\/\/cronicadesoledad.com\/index.php\/wp-json\/wp\/v2\/tags?post=15326"}],"curies":[{"name":"wp","href":"https:\/\/api.w.org\/{rel}","templated":true}]}}