{"id":15350,"date":"2025-02-27T00:00:00","date_gmt":"2025-02-27T06:00:00","guid":{"rendered":"https:\/\/cronicadesoledad.com\/?p=15350"},"modified":"2025-02-27T11:53:23","modified_gmt":"2025-02-27T17:53:23","slug":"crean-replica-de-la-virgen-para-semana-santa-en-soledad","status":"publish","type":"post","link":"https:\/\/cronicadesoledad.com\/index.php\/2025\/02\/27\/crean-replica-de-la-virgen-para-semana-santa-en-soledad\/","title":{"rendered":"Crean r\u00e9plica de la Virgen para Semana Santa en Soledad"},"content":{"rendered":"\n<p>Como parte de las actividades previas a la Semana Santa, el municipio de Soledad de Graciano S\u00e1nchez trabaja en la elaboraci\u00f3n de una r\u00e9plica de la Virgen de Nuestra Se\u00f1ora de la Soledad. Este proyecto tiene como objetivo preservar y destacar el valor cultural y art\u00edstico de la imagen a trav\u00e9s de t\u00e9cnicas tradicionales de escultura y confecci\u00f3n.<\/p>\n\n\n\n<p>De acuerdo con Felipe C\u00e1rdenas, director de Turismo municipal, la r\u00e9plica ser\u00e1 elaborada con materiales y m\u00e9todos similares a los utilizados en la antig\u00fcedad. Para su vestimenta se ha seleccionado una tela de alta calidad, mientras que la corona ser\u00e1 fabricada con materiales que imitan metales preciosos. Adem\u00e1s, artesanos especializados realizar\u00e1n bordados con hilo de oro para resaltar los detalles ornamentales de la figura.<\/p>\n\n\n\n<p>El proceso de escultura estar\u00e1 a cargo de un equipo conformado por tres mujeres y dos hombres, quienes buscar\u00e1n plasmar una expresi\u00f3n de solemnidad y recogimiento en el rostro de la Virgen. La intenci\u00f3n es que la imagen refleje el simbolismo caracter\u00edstico de la Procesi\u00f3n del Silencio, una de las principales tradiciones de la Semana Santa en el municipio.<\/p>\n\n\n\n<p>\u201cEstamos trabajando en el dise\u00f1o de su vestuario, en la corona y en los detalles del bordado para que cada elemento sea un reflejo de las t\u00e9cnicas art\u00edsticas de anta\u00f1o y, al mismo tiempo, una manifestaci\u00f3n de nuestra identidad\u201d, se\u00f1al\u00f3 C\u00e1rdenas.<\/p>\n\n\n\n<p>Con una altura estimada de entre 1.68 y 1.70 metros, la r\u00e9plica ser\u00e1 exhibida en el Teatro de Soledad, donde se instalar\u00e1 un altar en su honor. Su presentaci\u00f3n se llevar\u00e1 a cabo antes de la Procesi\u00f3n del Silencio y se integrar\u00e1 a una serie de actividades culturales y religiosas que formar\u00e1n parte de la celebraci\u00f3n de la Semana Santa en la comunidad.<\/p>\n","protected":false},"excerpt":{"rendered":"<p>Como parte de las actividades previas a la Semana Santa, el municipio de Soledad de Graciano S\u00e1nchez trabaja en la elaboraci\u00f3n de una r\u00e9plica de la Virgen de Nuestra Se\u00f1ora de la Soledad. Este proyecto tiene como objetivo preservar y destacar el valor cultural y art\u00edstico de la imagen a trav\u00e9s de t\u00e9cnicas tradicionales de [&hellip;]<\/p>\n","protected":false},"author":1,"featured_media":15351,"comment_status":"open","ping_status":"open","sticky":false,"template":"","format":"standard","meta":{"footnotes":""},"categories":[3171,1,24,21],"tags":[334,294,1718,261,27,1086],"class_list":{"0":"post-15350","1":"post","2":"type-post","3":"status-publish","4":"format-standard","5":"has-post-thumbnail","7":"category-cultura","8":"category-destacadas","9":"category-informacion-general","10":"category-tu-soledad","11":"tag-cultura","12":"tag-san-luis","13":"tag-semana-santa","14":"tag-slp","15":"tag-soledad","16":"tag-virgen-de-guadalupe"},"_links":{"self":[{"href":"https:\/\/cronicadesoledad.com\/index.php\/wp-json\/wp\/v2\/posts\/15350","targetHints":{"allow":["GET"]}}],"collection":[{"href":"https:\/\/cronicadesoledad.com\/index.php\/wp-json\/wp\/v2\/posts"}],"about":[{"href":"https:\/\/cronicadesoledad.com\/index.php\/wp-json\/wp\/v2\/types\/post"}],"author":[{"embeddable":true,"href":"https:\/\/cronicadesoledad.com\/index.php\/wp-json\/wp\/v2\/users\/1"}],"replies":[{"embeddable":true,"href":"https:\/\/cronicadesoledad.com\/index.php\/wp-json\/wp\/v2\/comments?post=15350"}],"version-history":[{"count":1,"href":"https:\/\/cronicadesoledad.com\/index.php\/wp-json\/wp\/v2\/posts\/15350\/revisions"}],"predecessor-version":[{"id":15352,"href":"https:\/\/cronicadesoledad.com\/index.php\/wp-json\/wp\/v2\/posts\/15350\/revisions\/15352"}],"wp:featuredmedia":[{"embeddable":true,"href":"https:\/\/cronicadesoledad.com\/index.php\/wp-json\/wp\/v2\/media\/15351"}],"wp:attachment":[{"href":"https:\/\/cronicadesoledad.com\/index.php\/wp-json\/wp\/v2\/media?parent=15350"}],"wp:term":[{"taxonomy":"category","embeddable":true,"href":"https:\/\/cronicadesoledad.com\/index.php\/wp-json\/wp\/v2\/categories?post=15350"},{"taxonomy":"post_tag","embeddable":true,"href":"https:\/\/cronicadesoledad.com\/index.php\/wp-json\/wp\/v2\/tags?post=15350"}],"curies":[{"name":"wp","href":"https:\/\/api.w.org\/{rel}","templated":true}]}}