{"id":15384,"date":"2025-02-28T07:39:44","date_gmt":"2025-02-28T13:39:44","guid":{"rendered":"https:\/\/cronicadesoledad.com\/?p=15384"},"modified":"2025-02-28T07:39:44","modified_gmt":"2025-02-28T13:39:44","slug":"proteccion-civil-refuerza-vigilancia-por-temporada-de-incendios-forestales","status":"publish","type":"post","link":"https:\/\/cronicadesoledad.com\/index.php\/2025\/02\/28\/proteccion-civil-refuerza-vigilancia-por-temporada-de-incendios-forestales\/","title":{"rendered":"Protecci\u00f3n Civil refuerza vigilancia por temporada de incendios forestales"},"content":{"rendered":"\n<p>Ante el inicio de la temporada de incendios forestales, la Coordinaci\u00f3n Estatal de Protecci\u00f3n Civil (CEPC) implementa un operativo especial de vigilancia que se extender\u00e1 hasta junio. Con el apoyo de la Comisi\u00f3n Nacional Forestal (Conafor), la Secretar\u00eda de Ecolog\u00eda y Gesti\u00f3n Ambiental (Segam), cuerpos de emergencia municipales y voluntarios, se busca prevenir y atender incendios en toda la entidad.<\/p>\n\n\n\n<p>Las autoridades estatales mantienen comunicaci\u00f3n continua con los 59 municipios para coordinar respuestas r\u00e1pidas y minimizar da\u00f1os. El titular de la CEPC, Ordaz Flores, inst\u00f3 a la ciudadan\u00eda a tomar precauciones, recomendando apagar completamente las fogatas al acampar y reportar cualquier incendio a las autoridades sin intentar combatirlo por cuenta propia.<\/p>\n\n\n\n<p>Durante la \u00faltima semana, se registraron seis incendios en Matehuala, Charcas, Catorce, Venado, Armadillo de los Infante y Soledad de Graciano S\u00e1nchez, afectando cerca de 40 hect\u00e1reas de vegetaci\u00f3n. Seg\u00fan datos de la Conafor, la principal causa de estos siniestros es la negligencia humana, con fogatas mal apagadas, colillas de cigarro y quemas no controladas como factores recurrentes.<\/p>\n\n\n\n<p>Las autoridades hacen un llamado urgente a la responsabilidad social, recordando que la prevenci\u00f3n es clave para evitar p\u00e9rdidas ambientales y riesgos para la poblaci\u00f3n. Se recomienda seguir las indicaciones oficiales y reportar cualquier incidente a los n\u00fameros de emergencia.<\/p>\n","protected":false},"excerpt":{"rendered":"<p>Ante el inicio de la temporada de incendios forestales, la Coordinaci\u00f3n Estatal de Protecci\u00f3n Civil (CEPC) implementa un operativo especial de vigilancia que se extender\u00e1 hasta junio. Con el apoyo de la Comisi\u00f3n Nacional Forestal (Conafor), la Secretar\u00eda de Ecolog\u00eda y Gesti\u00f3n Ambiental (Segam), cuerpos de emergencia municipales y voluntarios, se busca prevenir y atender [&hellip;]<\/p>\n","protected":false},"author":1,"featured_media":15385,"comment_status":"open","ping_status":"open","sticky":false,"template":"","format":"standard","meta":{"footnotes":""},"categories":[1,24,3163,21],"tags":[3093,2137,2070,294,261,27],"class_list":{"0":"post-15384","1":"post","2":"type-post","3":"status-publish","4":"format-standard","5":"has-post-thumbnail","7":"category-destacadas","8":"category-informacion-general","9":"category-san-luis-potosi","10":"category-tu-soledad","11":"tag-cepc","12":"tag-ecologia-2","13":"tag-incendio-forestal","14":"tag-san-luis","15":"tag-slp","16":"tag-soledad"},"_links":{"self":[{"href":"https:\/\/cronicadesoledad.com\/index.php\/wp-json\/wp\/v2\/posts\/15384","targetHints":{"allow":["GET"]}}],"collection":[{"href":"https:\/\/cronicadesoledad.com\/index.php\/wp-json\/wp\/v2\/posts"}],"about":[{"href":"https:\/\/cronicadesoledad.com\/index.php\/wp-json\/wp\/v2\/types\/post"}],"author":[{"embeddable":true,"href":"https:\/\/cronicadesoledad.com\/index.php\/wp-json\/wp\/v2\/users\/1"}],"replies":[{"embeddable":true,"href":"https:\/\/cronicadesoledad.com\/index.php\/wp-json\/wp\/v2\/comments?post=15384"}],"version-history":[{"count":1,"href":"https:\/\/cronicadesoledad.com\/index.php\/wp-json\/wp\/v2\/posts\/15384\/revisions"}],"predecessor-version":[{"id":15386,"href":"https:\/\/cronicadesoledad.com\/index.php\/wp-json\/wp\/v2\/posts\/15384\/revisions\/15386"}],"wp:featuredmedia":[{"embeddable":true,"href":"https:\/\/cronicadesoledad.com\/index.php\/wp-json\/wp\/v2\/media\/15385"}],"wp:attachment":[{"href":"https:\/\/cronicadesoledad.com\/index.php\/wp-json\/wp\/v2\/media?parent=15384"}],"wp:term":[{"taxonomy":"category","embeddable":true,"href":"https:\/\/cronicadesoledad.com\/index.php\/wp-json\/wp\/v2\/categories?post=15384"},{"taxonomy":"post_tag","embeddable":true,"href":"https:\/\/cronicadesoledad.com\/index.php\/wp-json\/wp\/v2\/tags?post=15384"}],"curies":[{"name":"wp","href":"https:\/\/api.w.org\/{rel}","templated":true}]}}