{"id":15504,"date":"2025-03-04T09:12:50","date_gmt":"2025-03-04T15:12:50","guid":{"rendered":"https:\/\/cronicadesoledad.com\/?p=15504"},"modified":"2025-03-04T09:12:51","modified_gmt":"2025-03-04T15:12:51","slug":"guardia-civil-de-soledad-detiene-a-tres-personas-por-presunta-violencia-familiar","status":"publish","type":"post","link":"https:\/\/cronicadesoledad.com\/index.php\/2025\/03\/04\/guardia-civil-de-soledad-detiene-a-tres-personas-por-presunta-violencia-familiar\/","title":{"rendered":"Guardia Civil de Soledad detiene a tres personas por presunta violencia familiar"},"content":{"rendered":"\n<p>La Guardia Civil Municipal de Soledad detuvo a dos hombres y una mujer por su presunta participaci\u00f3n en hechos de violencia familiar, en distintos puntos del municipio. Las detenciones fueron posibles gracias a reportes ciudadanos que alertaron sobre los casos.<\/p>\n\n\n\n<p>El primer arresto se registr\u00f3 en la calle Plaza de La Luna, en la colonia Rancho Pav\u00f3n. Agentes municipales respondieron a una denuncia en la que una mujer se\u00f1al\u00f3 a su hijo como agresor verbal y de mantener una conducta hostil. Con autorizaci\u00f3n de la denunciante, los oficiales ingresaron al domicilio y detuvieron a Juan &#8220;N&#8221;, de 28 a\u00f1os de edad, quien fue informado sobre su arresto por presunta violencia familiar.<\/p>\n\n\n\n<p>Las otras dos detenciones ocurrieron en la calle Fundici\u00f3n, en la colonia Hogares Obreros. En este caso, una mujer report\u00f3 que su expareja la agredi\u00f3 f\u00edsica y verbalmente. Sin embargo, al presentarse los oficiales, el presunto agresor afirm\u00f3 que tambi\u00e9n hab\u00eda sido atacado por la mujer. Tras las indagatorias preliminares, se procedi\u00f3 con la detenci\u00f3n de ambos: Fabiola &#8220;N&#8221;, de 35 a\u00f1os de edad, y Hugo &#8220;N&#8221;, de 43 a\u00f1os, quienes fueron informados de su situaci\u00f3n legal.<\/p>\n\n\n\n<p>Los tres detenidos recibieron lectura de sus derechos y fueron trasladados a Barandilla Municipal, donde fueron certificados por el m\u00e9dico legista. Posteriormente, quedaron a disposici\u00f3n de la Fiscal\u00eda General del Estado de San Luis Potos\u00ed (FGESLP), instancia que determinar\u00e1 su situaci\u00f3n legal.<\/p>\n\n\n\n<p><\/p>\n","protected":false},"excerpt":{"rendered":"<p>La Guardia Civil Municipal de Soledad detuvo a dos hombres y una mujer por su presunta participaci\u00f3n en hechos de violencia familiar, en distintos puntos del municipio. Las detenciones fueron posibles gracias a reportes ciudadanos que alertaron sobre los casos. El primer arresto se registr\u00f3 en la calle Plaza de La Luna, en la colonia [&hellip;]<\/p>\n","protected":false},"author":1,"featured_media":15505,"comment_status":"open","ping_status":"open","sticky":false,"template":"","format":"standard","meta":{"footnotes":""},"categories":[1,24],"tags":[2481,294,261,27,1900],"class_list":{"0":"post-15504","1":"post","2":"type-post","3":"status-publish","4":"format-standard","5":"has-post-thumbnail","7":"category-destacadas","8":"category-informacion-general","9":"tag-guardia-civil","10":"tag-san-luis","11":"tag-slp","12":"tag-soledad","13":"tag-violencia-familiar"},"_links":{"self":[{"href":"https:\/\/cronicadesoledad.com\/index.php\/wp-json\/wp\/v2\/posts\/15504","targetHints":{"allow":["GET"]}}],"collection":[{"href":"https:\/\/cronicadesoledad.com\/index.php\/wp-json\/wp\/v2\/posts"}],"about":[{"href":"https:\/\/cronicadesoledad.com\/index.php\/wp-json\/wp\/v2\/types\/post"}],"author":[{"embeddable":true,"href":"https:\/\/cronicadesoledad.com\/index.php\/wp-json\/wp\/v2\/users\/1"}],"replies":[{"embeddable":true,"href":"https:\/\/cronicadesoledad.com\/index.php\/wp-json\/wp\/v2\/comments?post=15504"}],"version-history":[{"count":1,"href":"https:\/\/cronicadesoledad.com\/index.php\/wp-json\/wp\/v2\/posts\/15504\/revisions"}],"predecessor-version":[{"id":15506,"href":"https:\/\/cronicadesoledad.com\/index.php\/wp-json\/wp\/v2\/posts\/15504\/revisions\/15506"}],"wp:featuredmedia":[{"embeddable":true,"href":"https:\/\/cronicadesoledad.com\/index.php\/wp-json\/wp\/v2\/media\/15505"}],"wp:attachment":[{"href":"https:\/\/cronicadesoledad.com\/index.php\/wp-json\/wp\/v2\/media?parent=15504"}],"wp:term":[{"taxonomy":"category","embeddable":true,"href":"https:\/\/cronicadesoledad.com\/index.php\/wp-json\/wp\/v2\/categories?post=15504"},{"taxonomy":"post_tag","embeddable":true,"href":"https:\/\/cronicadesoledad.com\/index.php\/wp-json\/wp\/v2\/tags?post=15504"}],"curies":[{"name":"wp","href":"https:\/\/api.w.org\/{rel}","templated":true}]}}