{"id":15531,"date":"2025-03-05T14:15:00","date_gmt":"2025-03-05T20:15:00","guid":{"rendered":"https:\/\/cronicadesoledad.com\/?p=15531"},"modified":"2025-03-05T16:25:21","modified_gmt":"2025-03-05T22:25:21","slug":"juan-manuel-navarro-refuerza-compromiso-con-las-mujeres-en-evento-del-8m","status":"publish","type":"post","link":"https:\/\/cronicadesoledad.com\/index.php\/2025\/03\/05\/juan-manuel-navarro-refuerza-compromiso-con-las-mujeres-en-evento-del-8m\/","title":{"rendered":"Juan Manuel Navarro refuerza compromiso con las mujeres en evento del 8M"},"content":{"rendered":"\n<p>Con un emotivo evento realizado en el Teatro y Centro Cultural de Soledad de Graciano S\u00e1nchez, el Alcalde, Juan Manuel Navarro Mu\u00f1iz ratific\u00f3 un gobierno municipal cercano y firme con el desarrollo de las mujeres de todas las edades, as\u00ed como la erradicaci\u00f3n de la violencia, haciendo un llamado a la solidaridad, sensibilidad y la construcci\u00f3n de una sociedad igualitaria, libre de violencia y de paz, en el marco de la pr\u00f3xima conmemoraci\u00f3n del D\u00eda Internacional de la Mujer.<\/p>\n\n\n\n<p>Previo al inicio de la dos conferencias enfocadas al empoderamiento y bienestar femenino, el edil -en su intervenci\u00f3n- destac\u00f3 el esfuerzo constante de mujeres trabajadoras en distintas \u00e1reas del Ayuntamiento, quienes aseguran una atenci\u00f3n al p\u00fablico de calidad y favorecedora de quienes menos tienen. Subray\u00f3 que en el Gobierno municipal, el 49 por ciento de la base trabajadora del municipio est\u00e1 conformada por mujeres.<\/p>\n\n\n\n<p>\u201cEs momento de reconocerlas, hoy reafirmamos nuestro compromiso con una sociedad igualitaria, libre de violencia y discriminaci\u00f3n, donde se valore el esfuerzo y dedicaci\u00f3n de cada mujer soledense; con satisfacci\u00f3n puedo decir que las mujeres son el pilar de este Gobierno cercano a la gente, que resuelve, escucha y ayuda a quienes menos tienen con especial dedicaci\u00f3n, muchas gracias a todas las trabajadoras del Ayuntamiento\u201d, expres\u00f3.<\/p>\n\n\n\n<p>Por su parte, la Presidenta del Sistema Municipal para el Desarrollo Integral de la Familia (DIF), Mar\u00eda del Pilar Cardona Reyna, destac\u00f3 la lucha hist\u00f3rica de las mujeres por sus derechos y enfatiz\u00f3 la importancia de seguir impulsando su desarrollo. &#8220;Es un honor reconocer a todas aquellas mujeres que con esfuerzo y valent\u00eda han salido adelante, fortaleciendo a sus familias, y a nuestra comunidad&#8221;, se\u00f1al\u00f3.<\/p>\n\n\n\n<p>A su vez, la directora del Instituto de las Mujeres en el Estado (IMES), Gloria Serrato S\u00e1nchez reconoci\u00f3 el avance en materia de equidad de g\u00e9nero en Soledad de Graciano S\u00e1nchez, destacando la pr\u00f3xima apertura del primer centro \u201cALA\u201d en el estado, que estar\u00e1 ubicado en este municipio, para erradicar la violencia y fortalecer la capacidad y el bienestar femenino.<\/p>\n\n\n\n<p>Durante el evento, se entregaron galardones a mujeres soledenses que han sobresalido en diferentes \u00e1mbitos, como: Susana Antonia Rodr\u00edguez Garc\u00eda, deportista destacada; Paulina S\u00e1nchez Martell, ciudadana distinguida; Mar\u00eda del Socorro Terrones Alba, boxeadora reconocida; Sandra Juliana Delgado Espinoza, psic\u00f3loga destacada.<\/p>\n\n\n\n<p>Asimismo, se impartieron dos conferencias dirigidas a fortalecer la autoestima y el bienestar de las mujeres: &#8220;Empoderamiento de las Mujeres para el Autocuidado&#8221;, a cargo de Sandra Olimpia Guti\u00e9rrez Enr\u00edquez, profesora-investigadora de la UASLP; y &#8220;Mujer, Eres M\u00e1s Fuerte de lo que Crees&#8221;, impartida por Erika Aguilar, licenciada en Ciencias de la Comunicaci\u00f3n.<\/p>\n\n\n\n<p><\/p>\n","protected":false},"excerpt":{"rendered":"<p>Con un emotivo evento realizado en el Teatro y Centro Cultural de Soledad de Graciano S\u00e1nchez, el Alcalde, Juan Manuel Navarro Mu\u00f1iz ratific\u00f3 un gobierno municipal cercano y firme con el desarrollo de las mujeres de todas las edades, as\u00ed como la erradicaci\u00f3n de la violencia, haciendo un llamado a la solidaridad, sensibilidad y la [&hellip;]<\/p>\n","protected":false},"author":1,"featured_media":15532,"comment_status":"open","ping_status":"open","sticky":false,"template":"","format":"standard","meta":{"footnotes":""},"categories":[1,24,21],"tags":[1884,3410,1967,294,261,27],"class_list":{"0":"post-15531","1":"post","2":"type-post","3":"status-publish","4":"format-standard","5":"has-post-thumbnail","7":"category-destacadas","8":"category-informacion-general","9":"category-tu-soledad","10":"tag-8m","11":"tag-imes","12":"tag-juan-manuel-navarro","13":"tag-san-luis","14":"tag-slp","15":"tag-soledad"},"_links":{"self":[{"href":"https:\/\/cronicadesoledad.com\/index.php\/wp-json\/wp\/v2\/posts\/15531","targetHints":{"allow":["GET"]}}],"collection":[{"href":"https:\/\/cronicadesoledad.com\/index.php\/wp-json\/wp\/v2\/posts"}],"about":[{"href":"https:\/\/cronicadesoledad.com\/index.php\/wp-json\/wp\/v2\/types\/post"}],"author":[{"embeddable":true,"href":"https:\/\/cronicadesoledad.com\/index.php\/wp-json\/wp\/v2\/users\/1"}],"replies":[{"embeddable":true,"href":"https:\/\/cronicadesoledad.com\/index.php\/wp-json\/wp\/v2\/comments?post=15531"}],"version-history":[{"count":2,"href":"https:\/\/cronicadesoledad.com\/index.php\/wp-json\/wp\/v2\/posts\/15531\/revisions"}],"predecessor-version":[{"id":15534,"href":"https:\/\/cronicadesoledad.com\/index.php\/wp-json\/wp\/v2\/posts\/15531\/revisions\/15534"}],"wp:featuredmedia":[{"embeddable":true,"href":"https:\/\/cronicadesoledad.com\/index.php\/wp-json\/wp\/v2\/media\/15532"}],"wp:attachment":[{"href":"https:\/\/cronicadesoledad.com\/index.php\/wp-json\/wp\/v2\/media?parent=15531"}],"wp:term":[{"taxonomy":"category","embeddable":true,"href":"https:\/\/cronicadesoledad.com\/index.php\/wp-json\/wp\/v2\/categories?post=15531"},{"taxonomy":"post_tag","embeddable":true,"href":"https:\/\/cronicadesoledad.com\/index.php\/wp-json\/wp\/v2\/tags?post=15531"}],"curies":[{"name":"wp","href":"https:\/\/api.w.org\/{rel}","templated":true}]}}