{"id":15535,"date":"2025-03-05T14:15:00","date_gmt":"2025-03-05T20:15:00","guid":{"rendered":"https:\/\/cronicadesoledad.com\/?p=15535"},"modified":"2025-03-05T13:49:09","modified_gmt":"2025-03-05T19:49:09","slug":"capacitan-a-guardia-civil-de-soledad-en-protocolos-de-atencion-a-menores","status":"publish","type":"post","link":"https:\/\/cronicadesoledad.com\/index.php\/2025\/03\/05\/capacitan-a-guardia-civil-de-soledad-en-protocolos-de-atencion-a-menores\/","title":{"rendered":"Capacitan a Guardia Civil de Soledad en protocolos de atenci\u00f3n a menores"},"content":{"rendered":"\n<p>Con el objetivo de mejorar la actuaci\u00f3n de los oficiales en casos que involucren a menores de edad, la Procuradur\u00eda de Protecci\u00f3n a Ni\u00f1as, Ni\u00f1os y Adolescentes (PPNNA) imparti\u00f3 un conversatorio dirigido a elementos de la Guardia Civil Municipal de Soledad de Graciano S\u00e1nchez. La sesi\u00f3n estuvo encabezada por la titular de la PPNNA, Yessica M\u00e9ndez Gonz\u00e1lez, y cont\u00f3 con la participaci\u00f3n del comisario Rafael Mendoza Salazar, director general de la corporaci\u00f3n.<\/p>\n\n\n\n<p>La capacitaci\u00f3n se enfoc\u00f3 en dotar a los agentes de herramientas clave para atender de manera adecuada a menores v\u00edctimas de delito o en conflicto con la ley. Entre los asistentes estuvieron integrantes de la Direcci\u00f3n de Fuerzas Municipales, la Unidad de Atenci\u00f3n a la Violencia Familiar (UAVI), el Centro de Internamiento Municipal, el \u00c1rea Jur\u00eddica y la Subdirecci\u00f3n de Proximidad Social.<\/p>\n\n\n\n<p>El conversatorio fue impartido por Gilberto Francisco Camacho Contreras, especialista del \u00e1rea jur\u00eddica de la PPNNA, quien subray\u00f3 la importancia de que los agentes act\u00faen conforme a los protocolos establecidos. &#8220;Tengo experiencia de trabajar con oficiales en materia operativa, y es una ventaja ya que puedo orientarlos en c\u00f3mo adaptarse sin incurrir en temas que pudieran afectar el proceso o resguardo de menores, es importante que todas las \u00e1reas que se ven involucradas en este trabajo tengan ese conocimiento, por eso estamos apoyando y se apoyar\u00e1 cuando nos sea requerido, ya sea con este tipo de conversatorios o para acudir ante cualquier situaci\u00f3n que requiera de nuestra presencia&#8221;, explic\u00f3 el ponente.<\/p>\n\n\n\n<p>Por su parte, el comisario Rafael Mendoza Salazar destac\u00f3 la relevancia de fortalecer la coordinaci\u00f3n entre la Guardia Civil y la PPNNA. &#8220;No hay mejor arma que el conocimiento, por eso estamos trabajando de la mano con gobierno del estado, en este caso con PPNNA, es importante dar un trabajo eficiente, m\u00e1s si se trata de menores, la intenci\u00f3n es cuidarlos, que no se revictimicen y en caso de contar con alg\u00fan ordenamiento judicial o conflicto con la ley o alguna autoridad, tener el apoyo necesario para no afectarlos&#8221;, se\u00f1al\u00f3.<\/p>\n\n\n\n<p>Este esfuerzo busca que los elementos de seguridad cuenten con el conocimiento necesario para atender con sensibilidad y profesionalismo los casos donde haya menores involucrados, asegurando que se respeten sus derechos y se les brinde la protecci\u00f3n adecuada.<\/p>\n","protected":false},"excerpt":{"rendered":"<p>Con el objetivo de mejorar la actuaci\u00f3n de los oficiales en casos que involucren a menores de edad, la Procuradur\u00eda de Protecci\u00f3n a Ni\u00f1as, Ni\u00f1os y Adolescentes (PPNNA) imparti\u00f3 un conversatorio dirigido a elementos de la Guardia Civil Municipal de Soledad de Graciano S\u00e1nchez. La sesi\u00f3n estuvo encabezada por la titular de la PPNNA, Yessica [&hellip;]<\/p>\n","protected":false},"author":1,"featured_media":15536,"comment_status":"open","ping_status":"open","sticky":false,"template":"","format":"standard","meta":{"footnotes":""},"categories":[24,19,21],"tags":[3198,2741,3449,294,261,27],"class_list":{"0":"post-15535","1":"post","2":"type-post","3":"status-publish","4":"format-standard","5":"has-post-thumbnail","7":"category-informacion-general","8":"category-seguridad","9":"category-tu-soledad","10":"tag-guardia-civil-municial","11":"tag-jovenes-3","12":"tag-ppnna","13":"tag-san-luis","14":"tag-slp","15":"tag-soledad"},"_links":{"self":[{"href":"https:\/\/cronicadesoledad.com\/index.php\/wp-json\/wp\/v2\/posts\/15535","targetHints":{"allow":["GET"]}}],"collection":[{"href":"https:\/\/cronicadesoledad.com\/index.php\/wp-json\/wp\/v2\/posts"}],"about":[{"href":"https:\/\/cronicadesoledad.com\/index.php\/wp-json\/wp\/v2\/types\/post"}],"author":[{"embeddable":true,"href":"https:\/\/cronicadesoledad.com\/index.php\/wp-json\/wp\/v2\/users\/1"}],"replies":[{"embeddable":true,"href":"https:\/\/cronicadesoledad.com\/index.php\/wp-json\/wp\/v2\/comments?post=15535"}],"version-history":[{"count":2,"href":"https:\/\/cronicadesoledad.com\/index.php\/wp-json\/wp\/v2\/posts\/15535\/revisions"}],"predecessor-version":[{"id":15538,"href":"https:\/\/cronicadesoledad.com\/index.php\/wp-json\/wp\/v2\/posts\/15535\/revisions\/15538"}],"wp:featuredmedia":[{"embeddable":true,"href":"https:\/\/cronicadesoledad.com\/index.php\/wp-json\/wp\/v2\/media\/15536"}],"wp:attachment":[{"href":"https:\/\/cronicadesoledad.com\/index.php\/wp-json\/wp\/v2\/media?parent=15535"}],"wp:term":[{"taxonomy":"category","embeddable":true,"href":"https:\/\/cronicadesoledad.com\/index.php\/wp-json\/wp\/v2\/categories?post=15535"},{"taxonomy":"post_tag","embeddable":true,"href":"https:\/\/cronicadesoledad.com\/index.php\/wp-json\/wp\/v2\/tags?post=15535"}],"curies":[{"name":"wp","href":"https:\/\/api.w.org\/{rel}","templated":true}]}}