{"id":15552,"date":"2025-03-06T21:50:08","date_gmt":"2025-03-07T03:50:08","guid":{"rendered":"https:\/\/cronicadesoledad.com\/?p=15552"},"modified":"2025-03-06T21:50:09","modified_gmt":"2025-03-07T03:50:09","slug":"proteccion-civil-emite-medidas-preventivas-para-evitar-incendios","status":"publish","type":"post","link":"https:\/\/cronicadesoledad.com\/index.php\/2025\/03\/06\/proteccion-civil-emite-medidas-preventivas-para-evitar-incendios\/","title":{"rendered":"Protecci\u00f3n Civil emite medidas preventivas para evitar incendios"},"content":{"rendered":"\n<p>La Coordinaci\u00f3n Municipal de Protecci\u00f3n Civil de Soledad de Graciano S\u00e1nchez, hace un atento llamado a la poblaci\u00f3n para reforzar las medidas preventivas y evitar la ocurrencia de incendios forestales y en espacios p\u00fablicos en desuso, los cuales se han incrementado en las \u00faltimas semanas debido a factores como el efecto lupa y la irresponsabilidad de tirar colillas de cigarro, vidrios o basura en \u00e1reas de vegetaci\u00f3n seca.<\/p>\n\n\n\n<p>Mart\u00edn Bravo Galicia, titular de la dependencia municipal, detall\u00f3 que, en apego al inter\u00e9s del Alcalde, Juan Manuel Navarro Mu\u00f1iz, de fomentar la cultura de la prevenci\u00f3n y fortalecer la conciencia y la participaci\u00f3n ciudadana, se pide ser colaboradores del orden social, coadyuvando a transmitir el mensaje y reportar cualquier incidente de manera pronta, al n\u00famero de atenci\u00f3n las 24 horas: 444 831-12-60.&nbsp;<\/p>\n\n\n\n<p>Asimismo, solicit\u00f3 a las y los soledenses, mantenerse alejados de lotes bald\u00edos y zonas de pastizales secos, y a los propietarios de este tipo de predios a mantener la limpieza de vegetaci\u00f3n seca u art\u00edculos inflamables, principalmente en las \u00e1reas cercanas a viviendas y comunidades.<\/p>\n\n\n\n<p>El funcionario detall\u00f3 que, de enero a la fecha, se han combatido 25 incendios en el municipio, que, en su mayor\u00eda, se han originado en maleza y terrenos bald\u00edos, y representan un riesgo para las comunidades cercanas.<\/p>\n\n\n\n<p>\u201cEn lo que va del a\u00f1o, se han registrado casos graves, como el incendio ocurrido en las primeras semanas del a\u00f1o en el \u00e1rea de C\u00e1ndido Navarro, donde se quemaron aproximadamente 5 hect\u00e1reas de pastizal, ante situaciones como \u00e9sta, Protecci\u00f3n Civil ha recibido apoyo de la Comisi\u00f3n Nacional Forestal (CONAFOR) para controlar las llamas; adem\u00e1s del ocurrido en la avenida Valent\u00edn Amador\u201d, precis\u00f3.<\/p>\n\n\n\n<p>Resalt\u00f3 que, a pesar de estos esfuerzos, la mayor parte de los incendios son de origen provocado, ya que el 80 por ciento de los siniestros se originan debido a la acci\u00f3n humana.<\/p>\n\n\n\n<p>El funcionario municipal destac\u00f3 que los meses de mayo y junio son los de mayor incidencia en incendios forestales, por lo que se espera un incremento de este tipo de siniestros en los pr\u00f3ximos meses; asegur\u00f3 que, en lo que respecta a la prevenci\u00f3n, \u201cestamos muy al pendiente de las actividades relacionadas con incendios, y el pron\u00f3stico es que este a\u00f1o ser\u00e1 un poco m\u00e1s pesado en comparaci\u00f3n con los anteriores, especialmente por la ocurrencia de incendios en \u00e1reas de llanuras\u201d.<\/p>\n\n\n\n<p>La prevenci\u00f3n es tarea de todos, y con el esfuerzo conjunto, se pueden evitar tragedias y proteger tanto el medio ambiente como las propiedades y vidas de las y los soledenses, finaliz\u00f3.<\/p>\n","protected":false},"excerpt":{"rendered":"<p>La Coordinaci\u00f3n Municipal de Protecci\u00f3n Civil de Soledad de Graciano S\u00e1nchez, hace un atento llamado a la poblaci\u00f3n para reforzar las medidas preventivas y evitar la ocurrencia de incendios forestales y en espacios p\u00fablicos en desuso, los cuales se han incrementado en las \u00faltimas semanas debido a factores como el efecto lupa y la irresponsabilidad [&hellip;]<\/p>\n","protected":false},"author":2,"featured_media":15553,"comment_status":"open","ping_status":"open","sticky":false,"template":"","format":"standard","meta":{"footnotes":""},"categories":[1,24,19,21],"tags":[223,2093,294,276,261,27],"class_list":{"0":"post-15552","1":"post","2":"type-post","3":"status-publish","4":"format-standard","5":"has-post-thumbnail","7":"category-destacadas","8":"category-informacion-general","9":"category-seguridad","10":"category-tu-soledad","11":"tag-ayuntamiento-soledense","12":"tag-incendios","13":"tag-san-luis","14":"tag-seguridad","15":"tag-slp","16":"tag-soledad"},"_links":{"self":[{"href":"https:\/\/cronicadesoledad.com\/index.php\/wp-json\/wp\/v2\/posts\/15552","targetHints":{"allow":["GET"]}}],"collection":[{"href":"https:\/\/cronicadesoledad.com\/index.php\/wp-json\/wp\/v2\/posts"}],"about":[{"href":"https:\/\/cronicadesoledad.com\/index.php\/wp-json\/wp\/v2\/types\/post"}],"author":[{"embeddable":true,"href":"https:\/\/cronicadesoledad.com\/index.php\/wp-json\/wp\/v2\/users\/2"}],"replies":[{"embeddable":true,"href":"https:\/\/cronicadesoledad.com\/index.php\/wp-json\/wp\/v2\/comments?post=15552"}],"version-history":[{"count":1,"href":"https:\/\/cronicadesoledad.com\/index.php\/wp-json\/wp\/v2\/posts\/15552\/revisions"}],"predecessor-version":[{"id":15554,"href":"https:\/\/cronicadesoledad.com\/index.php\/wp-json\/wp\/v2\/posts\/15552\/revisions\/15554"}],"wp:featuredmedia":[{"embeddable":true,"href":"https:\/\/cronicadesoledad.com\/index.php\/wp-json\/wp\/v2\/media\/15553"}],"wp:attachment":[{"href":"https:\/\/cronicadesoledad.com\/index.php\/wp-json\/wp\/v2\/media?parent=15552"}],"wp:term":[{"taxonomy":"category","embeddable":true,"href":"https:\/\/cronicadesoledad.com\/index.php\/wp-json\/wp\/v2\/categories?post=15552"},{"taxonomy":"post_tag","embeddable":true,"href":"https:\/\/cronicadesoledad.com\/index.php\/wp-json\/wp\/v2\/tags?post=15552"}],"curies":[{"name":"wp","href":"https:\/\/api.w.org\/{rel}","templated":true}]}}