{"id":15586,"date":"2025-03-07T19:30:00","date_gmt":"2025-03-08T01:30:00","guid":{"rendered":"https:\/\/cronicadesoledad.com\/?p=15586"},"modified":"2025-03-08T04:14:20","modified_gmt":"2025-03-08T10:14:20","slug":"invitan-a-mujeres-soledenses-a-mega-activacion-fisica","status":"publish","type":"post","link":"https:\/\/cronicadesoledad.com\/index.php\/2025\/03\/07\/invitan-a-mujeres-soledenses-a-mega-activacion-fisica\/","title":{"rendered":"Invitan a mujeres soledenses a mega activaci\u00f3n f\u00edsica"},"content":{"rendered":"\n<p>Con el compromiso de fortalecer el reconocimiento a las mujeres por su esfuerzo y dedicaci\u00f3n diaria en la construcci\u00f3n de un municipio mejor, y lograr mayor bienestar para sus familias, el Ayuntamiento de Soledad de Graciano S\u00e1nchez, a trav\u00e9s de la Instancia Municipal de la Mujer, invita a la ciudadan\u00eda a participar en la clase masiva de Activaci\u00f3n F\u00edsica que se llevar\u00e1 a cabo este s\u00e1bado 8 de marzo en la Plaza principal del municipio, a partir de las 8:30 de la ma\u00f1ana.&nbsp;<\/p>\n\n\n\n<p>Este evento, organizado en el marco del D\u00eda Internacional de la Mujer, busca promover h\u00e1bitos saludables y fortalecer la convivencia entre las asistentes, asimismo, transmitir un mensaje de solidaridad y reconocimiento al g\u00e9nero femenino, por su contribuci\u00f3n y la importancia de colaborar en su bienestar, atendiendo las instrucciones del Alcalde Juan Manuel Navarro Mu\u00f1iz.<\/p>\n\n\n\n<p>La din\u00e1mica contar\u00e1 con ejercicios de alta energ\u00eda, ideales para todas las edades y niveles de condici\u00f3n f\u00edsica, bajo la gu\u00eda de instructores especializados. Adem\u00e1s, se impartir\u00e1 una pl\u00e1tica sobre el autocuidado de la salud en mujeres j\u00f3venes y adultas y ni\u00f1as.<\/p>\n\n\n\n<p>La participaci\u00f3n es libre y se pide que las mujeres interesadas porten una prenda color morado, s\u00edmbolo de esta fecha conmemorativa, que busca impulsar la equidad de g\u00e9nero y la igualdad de oportunidades para las mujeres.<\/p>\n\n\n\n<p>El Gobierno Municipal reitera su dedicaci\u00f3n con la promoci\u00f3n de actividades que impulsen el bienestar integral de las mujeres y la comunidad en general, y hace un llamado a las soledenses a sumarse a esta iniciativa y disfrutar de una ma\u00f1ana llena de movimiento, energ\u00eda y motivaci\u00f3n.<\/p>\n","protected":false},"excerpt":{"rendered":"<p>Con el compromiso de fortalecer el reconocimiento a las mujeres por su esfuerzo y dedicaci\u00f3n diaria en la construcci\u00f3n de un municipio mejor, y lograr mayor bienestar para sus familias, el Ayuntamiento de Soledad de Graciano S\u00e1nchez, a trav\u00e9s de la Instancia Municipal de la Mujer, invita a la ciudadan\u00eda a participar en la clase [&hellip;]<\/p>\n","protected":false},"author":2,"featured_media":15587,"comment_status":"open","ping_status":"open","sticky":false,"template":"","format":"standard","meta":{"footnotes":""},"categories":[1,24,21],"tags":[1885,1884,223,1886,294,261,27],"class_list":{"0":"post-15586","1":"post","2":"type-post","3":"status-publish","4":"format-standard","5":"has-post-thumbnail","7":"category-destacadas","8":"category-informacion-general","9":"category-tu-soledad","10":"tag-8-de-marzo","11":"tag-8m","12":"tag-ayuntamiento-soledense","13":"tag-dia-de-la-mujer","14":"tag-san-luis","15":"tag-slp","16":"tag-soledad"},"_links":{"self":[{"href":"https:\/\/cronicadesoledad.com\/index.php\/wp-json\/wp\/v2\/posts\/15586","targetHints":{"allow":["GET"]}}],"collection":[{"href":"https:\/\/cronicadesoledad.com\/index.php\/wp-json\/wp\/v2\/posts"}],"about":[{"href":"https:\/\/cronicadesoledad.com\/index.php\/wp-json\/wp\/v2\/types\/post"}],"author":[{"embeddable":true,"href":"https:\/\/cronicadesoledad.com\/index.php\/wp-json\/wp\/v2\/users\/2"}],"replies":[{"embeddable":true,"href":"https:\/\/cronicadesoledad.com\/index.php\/wp-json\/wp\/v2\/comments?post=15586"}],"version-history":[{"count":1,"href":"https:\/\/cronicadesoledad.com\/index.php\/wp-json\/wp\/v2\/posts\/15586\/revisions"}],"predecessor-version":[{"id":15588,"href":"https:\/\/cronicadesoledad.com\/index.php\/wp-json\/wp\/v2\/posts\/15586\/revisions\/15588"}],"wp:featuredmedia":[{"embeddable":true,"href":"https:\/\/cronicadesoledad.com\/index.php\/wp-json\/wp\/v2\/media\/15587"}],"wp:attachment":[{"href":"https:\/\/cronicadesoledad.com\/index.php\/wp-json\/wp\/v2\/media?parent=15586"}],"wp:term":[{"taxonomy":"category","embeddable":true,"href":"https:\/\/cronicadesoledad.com\/index.php\/wp-json\/wp\/v2\/categories?post=15586"},{"taxonomy":"post_tag","embeddable":true,"href":"https:\/\/cronicadesoledad.com\/index.php\/wp-json\/wp\/v2\/tags?post=15586"}],"curies":[{"name":"wp","href":"https:\/\/api.w.org\/{rel}","templated":true}]}}