{"id":15589,"date":"2025-03-07T20:00:00","date_gmt":"2025-03-08T02:00:00","guid":{"rendered":"https:\/\/cronicadesoledad.com\/?p=15589"},"modified":"2025-03-08T04:16:02","modified_gmt":"2025-03-08T10:16:02","slug":"soledad-impulsa-el-cuidado-animal-y-del-medio-ambiente","status":"publish","type":"post","link":"https:\/\/cronicadesoledad.com\/index.php\/2025\/03\/07\/soledad-impulsa-el-cuidado-animal-y-del-medio-ambiente\/","title":{"rendered":"Soledad impulsa el cuidado animal y del medio ambiente"},"content":{"rendered":"\n<p>A fin de reforzar la cultura ecol\u00f3gica desde las infancias, la Direcci\u00f3n de Servicios Municipales del Ayuntamiento de Soledad de Graciano S\u00e1nchez imparti\u00f3 pl\u00e1ticas sobre el cuidado de mascotas y del medio ambiente en el Jard\u00edn de Ni\u00f1os &#8220;Silvia Rosales Gait\u00e1n&#8221;, ubicado en la colonia San Jos\u00e9, como lo ha instruido el Alcalde Juan Manuel Navarro Mu\u00f1iz, para ense\u00f1arles la importancia de cuidar el agua, su entorno natural y a los fieles acompa\u00f1antes, como son perros y gatos.<\/p>\n\n\n\n<p>Antonio Zamarripa Quintero, titular de Servicios Municipales, destac\u00f3 que la actividad fue dirigida tanto a las y los peque\u00f1os estudiantes como a sus madres y padres, con el fin de acercar en las familias y los hogares la cultura de una agenda verde en favor de la protecci\u00f3n y preservaci\u00f3n del entorno natural. Sirvi\u00f3 tambi\u00e9n para fomentar la sana convivencia y fortalecer los lazos entre las y los estudiantes y sus familias.<\/p>\n\n\n\n<p>Entre las actividades llevadas a cabo, se incluy\u00f3 la siembra de \u00e1rboles dentro del plantel educativo, los cuales fueron apadrinados por las y los ni\u00f1os, quienes se comprometieron a regarlos y cuidarlos como una manera de involucrarse en la cercan\u00eda y la convivencia con el medio ambiente; adem\u00e1s, con el apoyo de madres de familia, se colocaron carteles alrededor de la instituci\u00f3n con mensajes de concientizaci\u00f3n sobre la importancia de cuidar el medio ambiente y de velar por el bienestar de las mascotas.<\/p>\n\n\n\n<p>\u201cLa participaci\u00f3n de las madres de familia fue fundamental para hacer de esta actividad un evento m\u00e1s significativo, es importante que desde peque\u00f1os aprendan la responsabilidad ambiental y el compromiso con su entorno y lo contin\u00faen haciendo en sus hogares&#8221;, subray\u00f3.<\/p>\n\n\n\n<p>Este tipo de actividades, continuar\u00e1n en otros planteles educativos, y forman parte de la estrategia del Gobierno municipal de Soledad de Graciano S\u00e1nchez de acercar acciones que contribuyan al cuidado del planeta y que, a su vez, involucren a las nuevas generaciones en la preservaci\u00f3n del medio ambiente.<\/p>\n","protected":false},"excerpt":{"rendered":"<p>A fin de reforzar la cultura ecol\u00f3gica desde las infancias, la Direcci\u00f3n de Servicios Municipales del Ayuntamiento de Soledad de Graciano S\u00e1nchez imparti\u00f3 pl\u00e1ticas sobre el cuidado de mascotas y del medio ambiente en el Jard\u00edn de Ni\u00f1os &#8220;Silvia Rosales Gait\u00e1n&#8221;, ubicado en la colonia San Jos\u00e9, como lo ha instruido el Alcalde Juan Manuel [&hellip;]<\/p>\n","protected":false},"author":2,"featured_media":15590,"comment_status":"open","ping_status":"open","sticky":false,"template":"","format":"standard","meta":{"footnotes":""},"categories":[1,24,21],"tags":[223,1725,850,294,261,27],"class_list":{"0":"post-15589","1":"post","2":"type-post","3":"status-publish","4":"format-standard","5":"has-post-thumbnail","7":"category-destacadas","8":"category-informacion-general","9":"category-tu-soledad","10":"tag-ayuntamiento-soledense","11":"tag-mascotas","12":"tag-medio-ambiente","13":"tag-san-luis","14":"tag-slp","15":"tag-soledad"},"_links":{"self":[{"href":"https:\/\/cronicadesoledad.com\/index.php\/wp-json\/wp\/v2\/posts\/15589","targetHints":{"allow":["GET"]}}],"collection":[{"href":"https:\/\/cronicadesoledad.com\/index.php\/wp-json\/wp\/v2\/posts"}],"about":[{"href":"https:\/\/cronicadesoledad.com\/index.php\/wp-json\/wp\/v2\/types\/post"}],"author":[{"embeddable":true,"href":"https:\/\/cronicadesoledad.com\/index.php\/wp-json\/wp\/v2\/users\/2"}],"replies":[{"embeddable":true,"href":"https:\/\/cronicadesoledad.com\/index.php\/wp-json\/wp\/v2\/comments?post=15589"}],"version-history":[{"count":1,"href":"https:\/\/cronicadesoledad.com\/index.php\/wp-json\/wp\/v2\/posts\/15589\/revisions"}],"predecessor-version":[{"id":15591,"href":"https:\/\/cronicadesoledad.com\/index.php\/wp-json\/wp\/v2\/posts\/15589\/revisions\/15591"}],"wp:featuredmedia":[{"embeddable":true,"href":"https:\/\/cronicadesoledad.com\/index.php\/wp-json\/wp\/v2\/media\/15590"}],"wp:attachment":[{"href":"https:\/\/cronicadesoledad.com\/index.php\/wp-json\/wp\/v2\/media?parent=15589"}],"wp:term":[{"taxonomy":"category","embeddable":true,"href":"https:\/\/cronicadesoledad.com\/index.php\/wp-json\/wp\/v2\/categories?post=15589"},{"taxonomy":"post_tag","embeddable":true,"href":"https:\/\/cronicadesoledad.com\/index.php\/wp-json\/wp\/v2\/tags?post=15589"}],"curies":[{"name":"wp","href":"https:\/\/api.w.org\/{rel}","templated":true}]}}