{"id":15604,"date":"2025-03-10T04:00:00","date_gmt":"2025-03-10T10:00:00","guid":{"rendered":"https:\/\/cronicadesoledad.com\/?p=15604"},"modified":"2025-03-09T23:14:54","modified_gmt":"2025-03-10T05:14:54","slug":"extinguieron-incendio-en-palma-de-la-cruz","status":"publish","type":"post","link":"https:\/\/cronicadesoledad.com\/index.php\/2025\/03\/10\/extinguieron-incendio-en-palma-de-la-cruz\/","title":{"rendered":"Extinguieron incendio en Palma de la Cruz"},"content":{"rendered":"\n<p>Esta noche, personal de Protecci\u00f3n Civil Municipal de Soledad de Graciano S\u00e1nchez, trabaja en la extinci\u00f3n de un incendio en un predio bald\u00edo, en la localidad de Palma de la Cruz.<\/p>\n\n\n\n<p>Con la participaci\u00f3n de al menos 10 personas del \u00e1rea municipal, se avanza en el control del siniestro, report\u00e1ndose que no hay afectaciones a personas, ya que se trata de un terreno con pastizal.<\/p>\n\n\n\n<p>Hasta el momento no se ha determinado la causa del fuego; y la autoridad municipal insiste a la ciudadan\u00eda a tomar medidas preventivas que coadyuven en la prevenci\u00f3n de estos hechos.<\/p>\n\n\n\n<p>Asimismo, se informa que hace momentos se actu\u00f3 en la zona de avenida Valent\u00edn Amador, donde se reportaba un \u00e1rbol con indicios de fuego, por lo que en colaboraci\u00f3n con Parques y Jardines y Guardia Civil Municipal, se labor\u00f3 en la eliminaci\u00f3n de este riesgo para la poblaci\u00f3n.<\/p>\n","protected":false},"excerpt":{"rendered":"<p>Esta noche, personal de Protecci\u00f3n Civil Municipal de Soledad de Graciano S\u00e1nchez, trabaja en la extinci\u00f3n de un incendio en un predio bald\u00edo, en la localidad de Palma de la Cruz. Con la participaci\u00f3n de al menos 10 personas del \u00e1rea municipal, se avanza en el control del siniestro, report\u00e1ndose que no hay afectaciones a [&hellip;]<\/p>\n","protected":false},"author":2,"featured_media":15605,"comment_status":"open","ping_status":"open","sticky":false,"template":"","format":"standard","meta":{"footnotes":""},"categories":[1,24,21],"tags":[1313,2167,294,276,261,27],"class_list":{"0":"post-15604","1":"post","2":"type-post","3":"status-publish","4":"format-standard","5":"has-post-thumbnail","7":"category-destacadas","8":"category-informacion-general","9":"category-tu-soledad","10":"tag-incendio","11":"tag-palma-de-la-cruz","12":"tag-san-luis","13":"tag-seguridad","14":"tag-slp","15":"tag-soledad"},"_links":{"self":[{"href":"https:\/\/cronicadesoledad.com\/index.php\/wp-json\/wp\/v2\/posts\/15604","targetHints":{"allow":["GET"]}}],"collection":[{"href":"https:\/\/cronicadesoledad.com\/index.php\/wp-json\/wp\/v2\/posts"}],"about":[{"href":"https:\/\/cronicadesoledad.com\/index.php\/wp-json\/wp\/v2\/types\/post"}],"author":[{"embeddable":true,"href":"https:\/\/cronicadesoledad.com\/index.php\/wp-json\/wp\/v2\/users\/2"}],"replies":[{"embeddable":true,"href":"https:\/\/cronicadesoledad.com\/index.php\/wp-json\/wp\/v2\/comments?post=15604"}],"version-history":[{"count":1,"href":"https:\/\/cronicadesoledad.com\/index.php\/wp-json\/wp\/v2\/posts\/15604\/revisions"}],"predecessor-version":[{"id":15606,"href":"https:\/\/cronicadesoledad.com\/index.php\/wp-json\/wp\/v2\/posts\/15604\/revisions\/15606"}],"wp:featuredmedia":[{"embeddable":true,"href":"https:\/\/cronicadesoledad.com\/index.php\/wp-json\/wp\/v2\/media\/15605"}],"wp:attachment":[{"href":"https:\/\/cronicadesoledad.com\/index.php\/wp-json\/wp\/v2\/media?parent=15604"}],"wp:term":[{"taxonomy":"category","embeddable":true,"href":"https:\/\/cronicadesoledad.com\/index.php\/wp-json\/wp\/v2\/categories?post=15604"},{"taxonomy":"post_tag","embeddable":true,"href":"https:\/\/cronicadesoledad.com\/index.php\/wp-json\/wp\/v2\/tags?post=15604"}],"curies":[{"name":"wp","href":"https:\/\/api.w.org\/{rel}","templated":true}]}}