{"id":15638,"date":"2025-03-10T04:10:00","date_gmt":"2025-03-10T10:10:00","guid":{"rendered":"https:\/\/cronicadesoledad.com\/?p=15638"},"modified":"2025-03-09T23:17:40","modified_gmt":"2025-03-10T05:17:40","slug":"juan-manuel-navarro-reafirma-compromiso-con-las-mujeres","status":"publish","type":"post","link":"https:\/\/cronicadesoledad.com\/index.php\/2025\/03\/10\/juan-manuel-navarro-reafirma-compromiso-con-las-mujeres\/","title":{"rendered":"Juan Manuel Navarro reafirma compromiso con las mujeres"},"content":{"rendered":"\n<p>Durante la conmemoraci\u00f3n del D\u00eda Internacional de la Mujer, el alcalde de Soledad de Graciano S\u00e1nchez, Juan Manuel Navarro Mu\u00f1iz, reiter\u00f3 su compromiso con la erradicaci\u00f3n de la violencia de g\u00e9nero y el desarrollo integral de las mujeres en el municipio. Destac\u00f3 que su administraci\u00f3n mantiene una pol\u00edtica de cero tolerancia a la violencia y trabaja para garantizar la igualdad de oportunidades en todos los \u00e1mbitos.<\/p>\n\n\n\n<p>Navarro Mu\u00f1iz resalt\u00f3 que el 49% de la plantilla laboral del Ayuntamiento est\u00e1 conformada por mujeres, lo que refleja el compromiso municipal con la equidad de g\u00e9nero. Adem\u00e1s, enfatiz\u00f3 el fortalecimiento de programas de prevenci\u00f3n, atenci\u00f3n legal y psicol\u00f3gica, as\u00ed como campa\u00f1as de sensibilizaci\u00f3n para erradicar la violencia y la discriminaci\u00f3n desde la ra\u00edz.<\/p>\n\n\n\n<p>El alcalde tambi\u00e9n subray\u00f3 el trabajo conjunto con el Instituto de las Mujeres del Estado (IMES) para crear espacios seguros, impulsar el empoderamiento femenino y apoyar a mujeres emprendedoras y adultas mayores. Adem\u00e1s, reiter\u00f3 la propuesta de albergar en Soledad las oficinas de la nueva Secretar\u00eda de la Mujer, como parte del compromiso con la seguridad y bienestar de las soledenses.<\/p>\n\n\n\n<p>Finalmente, Navarro Mu\u00f1iz asegur\u00f3 que su gobierno seguir\u00e1 abierto al di\u00e1logo con colectivos y organizaciones feministas, con el objetivo de consolidar un municipio m\u00e1s seguro e inclusivo para todas las mujeres.<\/p>\n","protected":false},"excerpt":{"rendered":"<p>Durante la conmemoraci\u00f3n del D\u00eda Internacional de la Mujer, el alcalde de Soledad de Graciano S\u00e1nchez, Juan Manuel Navarro Mu\u00f1iz, reiter\u00f3 su compromiso con la erradicaci\u00f3n de la violencia de g\u00e9nero y el desarrollo integral de las mujeres en el municipio. Destac\u00f3 que su administraci\u00f3n mantiene una pol\u00edtica de cero tolerancia a la violencia y [&hellip;]<\/p>\n","protected":false},"author":2,"featured_media":15639,"comment_status":"open","ping_status":"open","sticky":false,"template":"","format":"standard","meta":{"footnotes":""},"categories":[1,24,21],"tags":[1884,1968,223,1967,318,294,261,27],"class_list":{"0":"post-15638","1":"post","2":"type-post","3":"status-publish","4":"format-standard","5":"has-post-thumbnail","7":"category-destacadas","8":"category-informacion-general","9":"category-tu-soledad","10":"tag-8m","11":"tag-alcalde","12":"tag-ayuntamiento-soledense","13":"tag-juan-manuel-navarro","14":"tag-mujeres","15":"tag-san-luis","16":"tag-slp","17":"tag-soledad"},"_links":{"self":[{"href":"https:\/\/cronicadesoledad.com\/index.php\/wp-json\/wp\/v2\/posts\/15638","targetHints":{"allow":["GET"]}}],"collection":[{"href":"https:\/\/cronicadesoledad.com\/index.php\/wp-json\/wp\/v2\/posts"}],"about":[{"href":"https:\/\/cronicadesoledad.com\/index.php\/wp-json\/wp\/v2\/types\/post"}],"author":[{"embeddable":true,"href":"https:\/\/cronicadesoledad.com\/index.php\/wp-json\/wp\/v2\/users\/2"}],"replies":[{"embeddable":true,"href":"https:\/\/cronicadesoledad.com\/index.php\/wp-json\/wp\/v2\/comments?post=15638"}],"version-history":[{"count":1,"href":"https:\/\/cronicadesoledad.com\/index.php\/wp-json\/wp\/v2\/posts\/15638\/revisions"}],"predecessor-version":[{"id":15640,"href":"https:\/\/cronicadesoledad.com\/index.php\/wp-json\/wp\/v2\/posts\/15638\/revisions\/15640"}],"wp:featuredmedia":[{"embeddable":true,"href":"https:\/\/cronicadesoledad.com\/index.php\/wp-json\/wp\/v2\/media\/15639"}],"wp:attachment":[{"href":"https:\/\/cronicadesoledad.com\/index.php\/wp-json\/wp\/v2\/media?parent=15638"}],"wp:term":[{"taxonomy":"category","embeddable":true,"href":"https:\/\/cronicadesoledad.com\/index.php\/wp-json\/wp\/v2\/categories?post=15638"},{"taxonomy":"post_tag","embeddable":true,"href":"https:\/\/cronicadesoledad.com\/index.php\/wp-json\/wp\/v2\/tags?post=15638"}],"curies":[{"name":"wp","href":"https:\/\/api.w.org\/{rel}","templated":true}]}}