{"id":15641,"date":"2025-03-10T04:20:00","date_gmt":"2025-03-10T10:20:00","guid":{"rendered":"https:\/\/cronicadesoledad.com\/?p=15641"},"modified":"2025-03-09T23:19:53","modified_gmt":"2025-03-10T05:19:53","slug":"soledad-se-integra-a-la-comision-metropolitana-de-desarrollo-urbano-2","status":"publish","type":"post","link":"https:\/\/cronicadesoledad.com\/index.php\/2025\/03\/10\/soledad-se-integra-a-la-comision-metropolitana-de-desarrollo-urbano-2\/","title":{"rendered":"Soledad se integra a la Comisi\u00f3n Metropolitana de Desarrollo Urbano"},"content":{"rendered":"\n<p>El Alcalde de Soledad de Graciano S\u00e1nchez, Juan Manuel Navarro Mu\u00f1iz, asumi\u00f3 su papel como integrante de la nueva Comisi\u00f3n Metropolitana de Desarrollo Urbano de San Luis Potos\u00ed, reforzando su compromiso con el crecimiento sostenible del municipio y el bienestar de sus habitantes. La toma de protesta se realiz\u00f3 durante la primera sesi\u00f3n del Consejo, presidida por el Gobernador Ricardo Gallardo Cardona.<\/p>\n\n\n\n<p>En este encuentro, se presentan estrategias para atender temas clave como infraestructura, movilidad y desarrollo ordenado, con el objetivo de mejorar la calidad de vida de la poblaci\u00f3n. Navarro Mu\u00f1iz destac\u00f3 la importancia de trabajar en conjunto para garantizar un crecimiento equilibrado que beneficie a todas las familias soledenses.<\/p>\n\n\n\n<p>La inclusi\u00f3n de Soledad en este programa metropolitano permitir\u00e1 la ejecuci\u00f3n de proyectos en infraestructura, salud y educaci\u00f3n, con una inversi\u00f3n de dos mil millones de pesos durante los pr\u00f3ximos tres a\u00f1os. Estas acciones buscan responder a las necesidades m\u00e1s urgentes de la poblaci\u00f3n y fortalecer el desarrollo del municipio.<\/p>\n\n\n\n<p>El Gobierno de Soledad de Graciano S\u00e1nchez reafirma su compromiso de mantenerse cercano a la ciudadan\u00eda, escuchando sus inquietudes y trabajando en soluciones que impulsen un futuro m\u00e1s pr\u00f3spero para todos y todos.<\/p>\n","protected":false},"excerpt":{"rendered":"<p>El Alcalde de Soledad de Graciano S\u00e1nchez, Juan Manuel Navarro Mu\u00f1iz, asumi\u00f3 su papel como integrante de la nueva Comisi\u00f3n Metropolitana de Desarrollo Urbano de San Luis Potos\u00ed, reforzando su compromiso con el crecimiento sostenible del municipio y el bienestar de sus habitantes. La toma de protesta se realiz\u00f3 durante la primera sesi\u00f3n del Consejo, [&hellip;]<\/p>\n","protected":false},"author":2,"featured_media":15642,"comment_status":"open","ping_status":"open","sticky":false,"template":"","format":"standard","meta":{"footnotes":""},"categories":[1,24,21],"tags":[223,3456,1158,294,261,27],"class_list":{"0":"post-15641","1":"post","2":"type-post","3":"status-publish","4":"format-standard","5":"has-post-thumbnail","7":"category-destacadas","8":"category-informacion-general","9":"category-tu-soledad","10":"tag-ayuntamiento-soledense","11":"tag-comision-metropolitana-de-desarrollo-urbano","12":"tag-gobierno-del-estado","13":"tag-san-luis","14":"tag-slp","15":"tag-soledad"},"_links":{"self":[{"href":"https:\/\/cronicadesoledad.com\/index.php\/wp-json\/wp\/v2\/posts\/15641","targetHints":{"allow":["GET"]}}],"collection":[{"href":"https:\/\/cronicadesoledad.com\/index.php\/wp-json\/wp\/v2\/posts"}],"about":[{"href":"https:\/\/cronicadesoledad.com\/index.php\/wp-json\/wp\/v2\/types\/post"}],"author":[{"embeddable":true,"href":"https:\/\/cronicadesoledad.com\/index.php\/wp-json\/wp\/v2\/users\/2"}],"replies":[{"embeddable":true,"href":"https:\/\/cronicadesoledad.com\/index.php\/wp-json\/wp\/v2\/comments?post=15641"}],"version-history":[{"count":1,"href":"https:\/\/cronicadesoledad.com\/index.php\/wp-json\/wp\/v2\/posts\/15641\/revisions"}],"predecessor-version":[{"id":15643,"href":"https:\/\/cronicadesoledad.com\/index.php\/wp-json\/wp\/v2\/posts\/15641\/revisions\/15643"}],"wp:featuredmedia":[{"embeddable":true,"href":"https:\/\/cronicadesoledad.com\/index.php\/wp-json\/wp\/v2\/media\/15642"}],"wp:attachment":[{"href":"https:\/\/cronicadesoledad.com\/index.php\/wp-json\/wp\/v2\/media?parent=15641"}],"wp:term":[{"taxonomy":"category","embeddable":true,"href":"https:\/\/cronicadesoledad.com\/index.php\/wp-json\/wp\/v2\/categories?post=15641"},{"taxonomy":"post_tag","embeddable":true,"href":"https:\/\/cronicadesoledad.com\/index.php\/wp-json\/wp\/v2\/tags?post=15641"}],"curies":[{"name":"wp","href":"https:\/\/api.w.org\/{rel}","templated":true}]}}