{"id":15644,"date":"2025-03-10T04:30:00","date_gmt":"2025-03-10T10:30:00","guid":{"rendered":"https:\/\/cronicadesoledad.com\/?p=15644"},"modified":"2025-03-09T23:21:42","modified_gmt":"2025-03-10T05:21:42","slug":"conmemoraron-el-8m-en-la-plaza-principal","status":"publish","type":"post","link":"https:\/\/cronicadesoledad.com\/index.php\/2025\/03\/10\/conmemoraron-el-8m-en-la-plaza-principal\/","title":{"rendered":"Conmemoraron el 8M en la Plaza Principal"},"content":{"rendered":"\n<p>Con el fin de transmitir un mensaje de fortaleza y la importancia del autocuidado en las mujeres soledenses, en el marco del 8M, el Ayuntamiento de Soledad de Graciano S\u00e1nchez llev\u00f3 a cabo una clase masiva de activaci\u00f3n f\u00edsica en la Plaza principal, en la que participaron cientos de mujeres de todas las edades de distintas colonias del municipio.<\/p>\n\n\n\n<p>Desde las 8:30 horas de la ma\u00f1ana, la jornada deportiva ilumin\u00f3 la explanada de color morado, al conmemorarse hoy el D\u00eda Internacional de la Mujer, una fecha en la que se hace un llamado social al reconocimiento, impulso y protecci\u00f3n de los derechos pol\u00edticos y sociales de las mujeres, ni\u00f1as y adolescentes.<\/p>\n\n\n\n<p>La titular de Instancia Municipal de la Mujer, Mar\u00eda Alicia Mart\u00ednez Rodr\u00edguez, en nombre del Alcalde, Juan Manuel Navarro Mu\u00f1iz, dio un mensaje de apoyo a las participantes, y las inst\u00f3 a ocuparse por su salud personal, como base de su fortaleza y amor propio: \u201csomos valientes y fuertes, y para ello necesitamos cuidarnos, porque es una manera de seguir adelante y de decirnos lo tan importante que somos unas para las otras\u201d. Aqu\u00ed estamos en este Gobierno Municipal, m\u00e1s cerca de todas ustedes, como lo ha pedido el Presidente municipal.<\/p>\n\n\n\n<p>La actividad incluy\u00f3 una clase masiva de ejercitaci\u00f3n f\u00edsica, recomendaciones de autocuidado personal, as\u00ed como tips para rutinas de ejercicio diario desde sus hogares, con el fin de que el h\u00e1bito del deporte sea una tarea de todos los d\u00edas.<\/p>\n","protected":false},"excerpt":{"rendered":"<p>Con el fin de transmitir un mensaje de fortaleza y la importancia del autocuidado en las mujeres soledenses, en el marco del 8M, el Ayuntamiento de Soledad de Graciano S\u00e1nchez llev\u00f3 a cabo una clase masiva de activaci\u00f3n f\u00edsica en la Plaza principal, en la que participaron cientos de mujeres de todas las edades de [&hellip;]<\/p>\n","protected":false},"author":2,"featured_media":15645,"comment_status":"open","ping_status":"open","sticky":false,"template":"","format":"standard","meta":{"footnotes":""},"categories":[1,24,21],"tags":[1885,1884,223,1887,2322,294,261,27],"class_list":{"0":"post-15644","1":"post","2":"type-post","3":"status-publish","4":"format-standard","5":"has-post-thumbnail","7":"category-destacadas","8":"category-informacion-general","9":"category-tu-soledad","10":"tag-8-de-marzo","11":"tag-8m","12":"tag-ayuntamiento-soledense","13":"tag-dia-internacional-de-la-mujer","14":"tag-plaza-principal","15":"tag-san-luis","16":"tag-slp","17":"tag-soledad"},"_links":{"self":[{"href":"https:\/\/cronicadesoledad.com\/index.php\/wp-json\/wp\/v2\/posts\/15644","targetHints":{"allow":["GET"]}}],"collection":[{"href":"https:\/\/cronicadesoledad.com\/index.php\/wp-json\/wp\/v2\/posts"}],"about":[{"href":"https:\/\/cronicadesoledad.com\/index.php\/wp-json\/wp\/v2\/types\/post"}],"author":[{"embeddable":true,"href":"https:\/\/cronicadesoledad.com\/index.php\/wp-json\/wp\/v2\/users\/2"}],"replies":[{"embeddable":true,"href":"https:\/\/cronicadesoledad.com\/index.php\/wp-json\/wp\/v2\/comments?post=15644"}],"version-history":[{"count":1,"href":"https:\/\/cronicadesoledad.com\/index.php\/wp-json\/wp\/v2\/posts\/15644\/revisions"}],"predecessor-version":[{"id":15646,"href":"https:\/\/cronicadesoledad.com\/index.php\/wp-json\/wp\/v2\/posts\/15644\/revisions\/15646"}],"wp:featuredmedia":[{"embeddable":true,"href":"https:\/\/cronicadesoledad.com\/index.php\/wp-json\/wp\/v2\/media\/15645"}],"wp:attachment":[{"href":"https:\/\/cronicadesoledad.com\/index.php\/wp-json\/wp\/v2\/media?parent=15644"}],"wp:term":[{"taxonomy":"category","embeddable":true,"href":"https:\/\/cronicadesoledad.com\/index.php\/wp-json\/wp\/v2\/categories?post=15644"},{"taxonomy":"post_tag","embeddable":true,"href":"https:\/\/cronicadesoledad.com\/index.php\/wp-json\/wp\/v2\/tags?post=15644"}],"curies":[{"name":"wp","href":"https:\/\/api.w.org\/{rel}","templated":true}]}}