{"id":15654,"date":"2025-03-10T13:45:00","date_gmt":"2025-03-10T19:45:00","guid":{"rendered":"https:\/\/cronicadesoledad.com\/?p=15654"},"modified":"2025-03-11T01:17:55","modified_gmt":"2025-03-11T07:17:55","slug":"alistan-plan-de-iluminacion-total-de-la-plaza-principal","status":"publish","type":"post","link":"https:\/\/cronicadesoledad.com\/index.php\/2025\/03\/10\/alistan-plan-de-iluminacion-total-de-la-plaza-principal\/","title":{"rendered":"Alistan plan de iluminaci\u00f3n total de la Plaza Principal"},"content":{"rendered":"\n<p>Con la proyecci\u00f3n de mejorar los servicios p\u00fablicos y brindar mayor seguridad a las familias soledenses, el Gobierno Municipal de Soledad de Graciano S\u00e1nchez, a trav\u00e9s de la Direcci\u00f3n de Servicios Municipales, prepara la modernizaci\u00f3n del sistema de iluminaci\u00f3n de la Plaza Principal, con tecnolog\u00eda LED de alta eficiencia, garantizando espacios p\u00fablicos mejor iluminados y m\u00e1s seguros para la poblaci\u00f3n.<\/p>\n\n\n\n<p>Antonio Zamarripa Quintero, titular del \u00e1rea, detall\u00f3 que siguiendo la directriz del Alcalde Juan Manuel Navarro Mu\u00f1iz, los trabajos contemplan la instalaci\u00f3n de nuevos reflectores de mayor capacidad, as\u00ed como la colocaci\u00f3n de postes y brazos soporte en zonas que actualmente carecen de iluminaci\u00f3n. Con estas acciones, se busca alcanzar una cobertura del 95 por ciento en toda la explanada y sus alrededores, beneficiando as\u00ed a comerciantes y familias que diariamente visitan el coraz\u00f3n del municipio.<\/p>\n\n\n\n<p>\u201cEl compromiso del Ayuntamiento es mejorar la infraestructura urbana con soluciones eficientes que brinden seguridad y bienestar a la ciudadan\u00eda, con esta modernizaci\u00f3n, reforzamos la presencia del municipio en la cabecera y en las colonias, respondiendo de manera oportuna a las necesidades de la poblaci\u00f3n\u201d, expres\u00f3 Zamarripa Quintero.<\/p>\n\n\n\n<p>Asimismo, record\u00f3 que el \u00e1rea de Alumbrado P\u00fablico mantiene un servicio de atenci\u00f3n inmediata a trav\u00e9s de reportes ciudadanos por WhatsApp, garantizando que cualquier falla en luminarias sea atendida en un plazo no mayor a 12 horas. \u201cSi nos reportan una luminaria por la ma\u00f1ana, por la tarde ya estamos ah\u00ed reparando, sabemos que una ciudad bien iluminada es una ciudad m\u00e1s segura, y esa es la prioridad del Alcalde\u201d, puntualiz\u00f3.<\/p>\n\n\n\n<p>Con estas acciones, el Gobierno Municipal reafirma su compromiso de mantenerse cercano a la poblaci\u00f3n y atender de manera eficiente las necesidades de las y los soledenses, garantizamos espacios p\u00fablicos m\u00e1s dignos y seguros para todas las familias.<\/p>\n","protected":false},"excerpt":{"rendered":"<p>Con la proyecci\u00f3n de mejorar los servicios p\u00fablicos y brindar mayor seguridad a las familias soledenses, el Gobierno Municipal de Soledad de Graciano S\u00e1nchez, a trav\u00e9s de la Direcci\u00f3n de Servicios Municipales, prepara la modernizaci\u00f3n del sistema de iluminaci\u00f3n de la Plaza Principal, con tecnolog\u00eda LED de alta eficiencia, garantizando espacios p\u00fablicos mejor iluminados y [&hellip;]<\/p>\n","protected":false},"author":2,"featured_media":15655,"comment_status":"open","ping_status":"open","sticky":false,"template":"","format":"standard","meta":{"footnotes":""},"categories":[1,24,21],"tags":[223,3471,2322,294,261,27],"class_list":{"0":"post-15654","1":"post","2":"type-post","3":"status-publish","4":"format-standard","5":"has-post-thumbnail","7":"category-destacadas","8":"category-informacion-general","9":"category-tu-soledad","10":"tag-ayuntamiento-soledense","11":"tag-iluminacion","12":"tag-plaza-principal","13":"tag-san-luis","14":"tag-slp","15":"tag-soledad"},"_links":{"self":[{"href":"https:\/\/cronicadesoledad.com\/index.php\/wp-json\/wp\/v2\/posts\/15654","targetHints":{"allow":["GET"]}}],"collection":[{"href":"https:\/\/cronicadesoledad.com\/index.php\/wp-json\/wp\/v2\/posts"}],"about":[{"href":"https:\/\/cronicadesoledad.com\/index.php\/wp-json\/wp\/v2\/types\/post"}],"author":[{"embeddable":true,"href":"https:\/\/cronicadesoledad.com\/index.php\/wp-json\/wp\/v2\/users\/2"}],"replies":[{"embeddable":true,"href":"https:\/\/cronicadesoledad.com\/index.php\/wp-json\/wp\/v2\/comments?post=15654"}],"version-history":[{"count":1,"href":"https:\/\/cronicadesoledad.com\/index.php\/wp-json\/wp\/v2\/posts\/15654\/revisions"}],"predecessor-version":[{"id":15656,"href":"https:\/\/cronicadesoledad.com\/index.php\/wp-json\/wp\/v2\/posts\/15654\/revisions\/15656"}],"wp:featuredmedia":[{"embeddable":true,"href":"https:\/\/cronicadesoledad.com\/index.php\/wp-json\/wp\/v2\/media\/15655"}],"wp:attachment":[{"href":"https:\/\/cronicadesoledad.com\/index.php\/wp-json\/wp\/v2\/media?parent=15654"}],"wp:term":[{"taxonomy":"category","embeddable":true,"href":"https:\/\/cronicadesoledad.com\/index.php\/wp-json\/wp\/v2\/categories?post=15654"},{"taxonomy":"post_tag","embeddable":true,"href":"https:\/\/cronicadesoledad.com\/index.php\/wp-json\/wp\/v2\/tags?post=15654"}],"curies":[{"name":"wp","href":"https:\/\/api.w.org\/{rel}","templated":true}]}}