{"id":15667,"date":"2025-03-11T11:23:52","date_gmt":"2025-03-11T17:23:52","guid":{"rendered":"https:\/\/cronicadesoledad.com\/?p=15667"},"modified":"2025-03-11T11:23:52","modified_gmt":"2025-03-11T17:23:52","slug":"denuncian-revictimizacion-de-nina-tras-agresion-en-primaria-de-soledad","status":"publish","type":"post","link":"https:\/\/cronicadesoledad.com\/index.php\/2025\/03\/11\/denuncian-revictimizacion-de-nina-tras-agresion-en-primaria-de-soledad\/","title":{"rendered":"Denuncian revictimizaci\u00f3n de ni\u00f1a tras agresi\u00f3n en primaria de Soledad"},"content":{"rendered":"\n<p>Una madre de familia ha alzado la voz tras denunciar la inacci\u00f3n de la directora de la primaria Benito Ju\u00e1rez, ubicada en el Fraccionamiento Las Palmas, Soledad de Graciano S\u00e1nchez. Seg\u00fan el testimonio de la madre, su hija, una alumna de sexto grado, fue v\u00edctima de tocamientos indebidos por parte de dos compa\u00f1eros hace aproximadamente un mes. A pesar de que el caso fue reportado a las autoridades escolares y la Procuradur\u00eda de Protecci\u00f3n a Ni\u00f1as, Ni\u00f1os y Adolescentes, no se han tomado medidas adecuadas para garantizar la seguridad y bienestar de la menor.<\/p>\n\n\n\n<p>La madre explic\u00f3 que, en su intento por recibir una respuesta adecuada, la directora del plantel, Ana Laura N., le comunic\u00f3 que no pod\u00eda hacer nada, argumentando que los ni\u00f1os tienen derechos. Sin embargo, la madre subray\u00f3 que su hija tambi\u00e9n posee derechos que deben ser respetados, especialmente en un ambiente seguro y libre de violencia.<\/p>\n\n\n\n<p>La situaci\u00f3n empeor\u00f3 cuando, lejos de recibir apoyo, la menor fue revictimizada dentro de la escuela. Seg\u00fan la denuncia, la directora ha instruido a algunos padres para que eviten que sus hijos interact\u00faen con la ni\u00f1a, provocando su aislamiento dentro del aula. \u201cLa est\u00e1n excluyendo de las clases, la tratan diferente\u201d, denunci\u00f3 la madre, quien tambi\u00e9n asegur\u00f3 que su hija ha experimentado un notable deterioro emocional y f\u00edsico como consecuencia del trato recibido.<\/p>\n\n\n\n<p>A pesar de que el caso cuenta con dict\u00e1menes psicol\u00f3gicos que confirman los da\u00f1os emocionales sufridos por la ni\u00f1a, la respuesta institucional ha sido m\u00ednima. Los agresores solo han recibido la medida de \u201ccuidar unos juguetes\u201d, algo que la madre considera totalmente insuficiente para un hecho de tal gravedad.<\/p>\n\n\n\n<p>El creciente n\u00famero de casos de violencia escolar en San Luis Potos\u00ed y Soledad de Graciano S\u00e1nchez ha generado preocupaci\u00f3n entre los padres de familia, quienes exigen respuestas claras y efectivas de las autoridades educativas. La madre de la menor ha solicitado la intervenci\u00f3n urgente de las autoridades competentes para garantizar la protecci\u00f3n de su hija y de otros ni\u00f1os dentro de la escuela.<\/p>\n\n\n\n<p>Este caso refleja una problem\u00e1tica m\u00e1s amplia, donde los agresores muchas veces no enfrentan consecuencias reales y las v\u00edctimas se ven sometidas a revictimizaci\u00f3n, quedando en un c\u00edrculo de violencia y desprotecci\u00f3n. La lucha por justicia sigue abierta, mientras la comunidad exige un cambio en la manera en que se manejan estos casos en los espacios educativos.<\/p>\n","protected":false},"excerpt":{"rendered":"<p>Una madre de familia ha alzado la voz tras denunciar la inacci\u00f3n de la directora de la primaria Benito Ju\u00e1rez, ubicada en el Fraccionamiento Las Palmas, Soledad de Graciano S\u00e1nchez. Seg\u00fan el testimonio de la madre, su hija, una alumna de sexto grado, fue v\u00edctima de tocamientos indebidos por parte de dos compa\u00f1eros hace aproximadamente [&hellip;]<\/p>\n","protected":false},"author":1,"featured_media":15668,"comment_status":"open","ping_status":"open","sticky":false,"template":"","format":"standard","meta":{"footnotes":""},"categories":[24,3080,21],"tags":[2687,261,27],"class_list":{"0":"post-15667","1":"post","2":"type-post","3":"status-publish","4":"format-standard","5":"has-post-thumbnail","7":"category-informacion-general","8":"category-slp","9":"category-tu-soledad","10":"tag-denuncia","11":"tag-slp","12":"tag-soledad"},"_links":{"self":[{"href":"https:\/\/cronicadesoledad.com\/index.php\/wp-json\/wp\/v2\/posts\/15667","targetHints":{"allow":["GET"]}}],"collection":[{"href":"https:\/\/cronicadesoledad.com\/index.php\/wp-json\/wp\/v2\/posts"}],"about":[{"href":"https:\/\/cronicadesoledad.com\/index.php\/wp-json\/wp\/v2\/types\/post"}],"author":[{"embeddable":true,"href":"https:\/\/cronicadesoledad.com\/index.php\/wp-json\/wp\/v2\/users\/1"}],"replies":[{"embeddable":true,"href":"https:\/\/cronicadesoledad.com\/index.php\/wp-json\/wp\/v2\/comments?post=15667"}],"version-history":[{"count":1,"href":"https:\/\/cronicadesoledad.com\/index.php\/wp-json\/wp\/v2\/posts\/15667\/revisions"}],"predecessor-version":[{"id":15669,"href":"https:\/\/cronicadesoledad.com\/index.php\/wp-json\/wp\/v2\/posts\/15667\/revisions\/15669"}],"wp:featuredmedia":[{"embeddable":true,"href":"https:\/\/cronicadesoledad.com\/index.php\/wp-json\/wp\/v2\/media\/15668"}],"wp:attachment":[{"href":"https:\/\/cronicadesoledad.com\/index.php\/wp-json\/wp\/v2\/media?parent=15667"}],"wp:term":[{"taxonomy":"category","embeddable":true,"href":"https:\/\/cronicadesoledad.com\/index.php\/wp-json\/wp\/v2\/categories?post=15667"},{"taxonomy":"post_tag","embeddable":true,"href":"https:\/\/cronicadesoledad.com\/index.php\/wp-json\/wp\/v2\/tags?post=15667"}],"curies":[{"name":"wp","href":"https:\/\/api.w.org\/{rel}","templated":true}]}}