{"id":15672,"date":"2025-03-11T18:16:24","date_gmt":"2025-03-12T00:16:24","guid":{"rendered":"https:\/\/cronicadesoledad.com\/?p=15672"},"modified":"2025-03-11T18:16:25","modified_gmt":"2025-03-12T00:16:25","slug":"soledad-agradece-la-construccion-del-puente-vehicular","status":"publish","type":"post","link":"https:\/\/cronicadesoledad.com\/index.php\/2025\/03\/11\/soledad-agradece-la-construccion-del-puente-vehicular\/","title":{"rendered":"Soledad agradece la construcci\u00f3n del puente vehicular"},"content":{"rendered":"\n<p>Con el inicio de los trabajos de construcci\u00f3n del mega puente vehicular en el cruce de Circuito Potos\u00ed y Bulevar Valle de los Fantasmas, las familias de Soledad de Graciano S\u00e1nchez han expresado su agradecimiento por esta obra que promete transformar la movilidad en la regi\u00f3n. Esta impresionante infraestructura, de tres niveles, aliviar\u00e1 el hist\u00f3rico congestionamiento vehicular y pondr\u00e1 fin a a\u00f1os de abandono en una de las zonas m\u00e1s transitadas de la ciudad.<\/p>\n\n\n\n<p>Mar\u00eda de los \u00c1ngeles Ramos, vecina de la zona, destac\u00f3 la importancia de esta obra que, adem\u00e1s de mejorar la movilidad, permitir\u00e1 el crecimiento y urbanizaci\u00f3n del \u00e1rea, beneficiando a quienes laboran en la zona industrial y a los estudiantes de los centros educativos cercanos. A su vez, reconoci\u00f3 el trabajo conjunto del Gobernador Ricardo Gallardo y del Presidente Municipal Juan Manuel Navarro Mu\u00f1iz para llevar a cabo proyectos que responden a las principales necesidades de los ciudadanos.<\/p>\n\n\n\n<p>Por su parte, Sergio Palomo, otro habitante de Soledad, resalt\u00f3 que este tipo de iniciativas representan un verdadero cambio en la atenci\u00f3n de las problem\u00e1ticas urbanas, algo que no se hab\u00eda visto en administraciones anteriores. &#8220;El Gobernador est\u00e1 cumpliendo con su compromiso de atraer el progreso a la regi\u00f3n&#8221;, coment\u00f3.<\/p>\n\n\n\n<p>El proyecto, que tambi\u00e9n incluye la modernizaci\u00f3n de la intersecci\u00f3n de la Carretera Rioverde y Perif\u00e9rico, contempla un puente elevado con tres carriles por sentido, lo que no solo mejorar\u00e1 la circulaci\u00f3n, sino que contribuir\u00e1 a la descongesti\u00f3n de una zona clave para el desarrollo econ\u00f3mico y social de la regi\u00f3n.<\/p>\n\n\n\n<p>Por \u00faltimo, Bertha Huerta destac\u00f3 que, adem\u00e1s de la construcci\u00f3n del puente, las autoridades han estado trabajando en la rehabilitaci\u00f3n de vialidades y en la mejora de la imagen urbana, lo cual es clave para enfrentar el r\u00e1pido crecimiento de Soledad de Graciano S\u00e1nchez. \u201cEs un proyecto urgente y necesario para liberar el tr\u00e1fico y darle a nuestra ciudad un impulso significativo\u201d, concluy\u00f3.<\/p>\n","protected":false},"excerpt":{"rendered":"<p>Con el inicio de los trabajos de construcci\u00f3n del mega puente vehicular en el cruce de Circuito Potos\u00ed y Bulevar Valle de los Fantasmas, las familias de Soledad de Graciano S\u00e1nchez han expresado su agradecimiento por esta obra que promete transformar la movilidad en la regi\u00f3n. Esta impresionante infraestructura, de tres niveles, aliviar\u00e1 el hist\u00f3rico [&hellip;]<\/p>\n","protected":false},"author":1,"featured_media":15674,"comment_status":"open","ping_status":"open","sticky":false,"template":"","format":"standard","meta":{"footnotes":""},"categories":[24,3080,21],"tags":[1855,2087,52],"class_list":{"0":"post-15672","1":"post","2":"type-post","3":"status-publish","4":"format-standard","5":"has-post-thumbnail","7":"category-informacion-general","8":"category-slp","9":"category-tu-soledad","10":"tag-construccion","11":"tag-puente-vehicular","12":"tag-soledad-de-graciano-sanchez"},"_links":{"self":[{"href":"https:\/\/cronicadesoledad.com\/index.php\/wp-json\/wp\/v2\/posts\/15672","targetHints":{"allow":["GET"]}}],"collection":[{"href":"https:\/\/cronicadesoledad.com\/index.php\/wp-json\/wp\/v2\/posts"}],"about":[{"href":"https:\/\/cronicadesoledad.com\/index.php\/wp-json\/wp\/v2\/types\/post"}],"author":[{"embeddable":true,"href":"https:\/\/cronicadesoledad.com\/index.php\/wp-json\/wp\/v2\/users\/1"}],"replies":[{"embeddable":true,"href":"https:\/\/cronicadesoledad.com\/index.php\/wp-json\/wp\/v2\/comments?post=15672"}],"version-history":[{"count":1,"href":"https:\/\/cronicadesoledad.com\/index.php\/wp-json\/wp\/v2\/posts\/15672\/revisions"}],"predecessor-version":[{"id":15675,"href":"https:\/\/cronicadesoledad.com\/index.php\/wp-json\/wp\/v2\/posts\/15672\/revisions\/15675"}],"wp:featuredmedia":[{"embeddable":true,"href":"https:\/\/cronicadesoledad.com\/index.php\/wp-json\/wp\/v2\/media\/15674"}],"wp:attachment":[{"href":"https:\/\/cronicadesoledad.com\/index.php\/wp-json\/wp\/v2\/media?parent=15672"}],"wp:term":[{"taxonomy":"category","embeddable":true,"href":"https:\/\/cronicadesoledad.com\/index.php\/wp-json\/wp\/v2\/categories?post=15672"},{"taxonomy":"post_tag","embeddable":true,"href":"https:\/\/cronicadesoledad.com\/index.php\/wp-json\/wp\/v2\/tags?post=15672"}],"curies":[{"name":"wp","href":"https:\/\/api.w.org\/{rel}","templated":true}]}}