{"id":15689,"date":"2025-03-11T22:41:54","date_gmt":"2025-03-12T04:41:54","guid":{"rendered":"https:\/\/cronicadesoledad.com\/?p=15689"},"modified":"2025-03-11T22:41:55","modified_gmt":"2025-03-12T04:41:55","slug":"libro-leyendas-soledenses-2-recibe-gran-aceptacion-del-publico-joven","status":"publish","type":"post","link":"https:\/\/cronicadesoledad.com\/index.php\/2025\/03\/11\/libro-leyendas-soledenses-2-recibe-gran-aceptacion-del-publico-joven\/","title":{"rendered":"Libro &#8220;Leyendas Soledenses 2&#8221; recibe gran aceptaci\u00f3n del p\u00fablico joven"},"content":{"rendered":"\n<p>El Gobierno Municipal de Soledad de Graciano S\u00e1nchez, comprometido con la promoci\u00f3n de la identidad y la historia local, impulsa la difusi\u00f3n del libro \u201cLeyendas Soledenses 2\u201d, el cual ha sido recibido con gran inter\u00e9s por la poblaci\u00f3n, especialmente por ni\u00f1as, ni\u00f1os y j\u00f3venes.<\/p>\n\n\n\n<p>De acuerdo con Amado Juan S\u00e1nchez Cabrera, cronista municipal, la aceptaci\u00f3n ha sido notable, ya que las y los lectores, se han sentido identificados con las historias que relatan su entorno m\u00e1s cercano y los personajes de los lugares que conocen. &#8220;Lo que m\u00e1s ha impactado a los j\u00f3venes es que las leyendas hablan de sus lugares, de sus calles, y muchos de esos relatos est\u00e1n relacionados con personajes familiares o conocidos, lo que genera un mayor inter\u00e9s&#8221;, explic\u00f3.<\/p>\n\n\n\n<p>El \u00e9xito del libro ha generado una gran demanda, especialmente por la edici\u00f3n anterior, &#8220;Leyendas Soledenses 1&#8221;, que ya se encuentra agotada; ante esto, el Ayuntamiento ha recibido constantes peticiones tanto de ciudadanos locales como de personas que viajan desde la capital para obtener ejemplares, lo cual se gestiona y atiende, con el fin de incentivar la cultura y la educaci\u00f3n.<\/p>\n\n\n\n<p>El primer tiraje de &#8220;Leyendas Soledenses 2&#8221; fue de mil ejemplares, los cuales se han agotado r\u00e1pidamente debido al inter\u00e9s generado; el libro ha sido promovido a trav\u00e9s de las bibliotecas municipales, la Universidad Aut\u00f3noma de San Luis Potos\u00ed y el Centro de Documentaci\u00f3n Hist\u00f3rica \u201cRafael Montejano y Aguinaga\u201d, entre otros puntos de distribuci\u00f3n.<\/p>\n\n\n\n<p>Con estas acciones, el Ayuntamiento de Soledad de Graciano S\u00e1nchez refuerza su compromiso con la difusi\u00f3n del patrimonio cultural e hist\u00f3rico, acerca a la comunidad a sus ra\u00edces y fortalece el sentido de identidad entre las nuevas generaciones.<\/p>\n","protected":false},"excerpt":{"rendered":"<p>El Gobierno Municipal de Soledad de Graciano S\u00e1nchez, comprometido con la promoci\u00f3n de la identidad y la historia local, impulsa la difusi\u00f3n del libro \u201cLeyendas Soledenses 2\u201d, el cual ha sido recibido con gran inter\u00e9s por la poblaci\u00f3n, especialmente por ni\u00f1as, ni\u00f1os y j\u00f3venes. De acuerdo con Amado Juan S\u00e1nchez Cabrera, cronista municipal, la aceptaci\u00f3n [&hellip;]<\/p>\n","protected":false},"author":2,"featured_media":15690,"comment_status":"open","ping_status":"open","sticky":false,"template":"","format":"standard","meta":{"footnotes":""},"categories":[1,24,21],"tags":[223,334,3476,294,261,27,2790],"class_list":{"0":"post-15689","1":"post","2":"type-post","3":"status-publish","4":"format-standard","5":"has-post-thumbnail","7":"category-destacadas","8":"category-informacion-general","9":"category-tu-soledad","10":"tag-ayuntamiento-soledense","11":"tag-cultura","12":"tag-leyendas-soledenses-2","13":"tag-san-luis","14":"tag-slp","15":"tag-soledad","16":"tag-tradicion"},"_links":{"self":[{"href":"https:\/\/cronicadesoledad.com\/index.php\/wp-json\/wp\/v2\/posts\/15689","targetHints":{"allow":["GET"]}}],"collection":[{"href":"https:\/\/cronicadesoledad.com\/index.php\/wp-json\/wp\/v2\/posts"}],"about":[{"href":"https:\/\/cronicadesoledad.com\/index.php\/wp-json\/wp\/v2\/types\/post"}],"author":[{"embeddable":true,"href":"https:\/\/cronicadesoledad.com\/index.php\/wp-json\/wp\/v2\/users\/2"}],"replies":[{"embeddable":true,"href":"https:\/\/cronicadesoledad.com\/index.php\/wp-json\/wp\/v2\/comments?post=15689"}],"version-history":[{"count":1,"href":"https:\/\/cronicadesoledad.com\/index.php\/wp-json\/wp\/v2\/posts\/15689\/revisions"}],"predecessor-version":[{"id":15692,"href":"https:\/\/cronicadesoledad.com\/index.php\/wp-json\/wp\/v2\/posts\/15689\/revisions\/15692"}],"wp:featuredmedia":[{"embeddable":true,"href":"https:\/\/cronicadesoledad.com\/index.php\/wp-json\/wp\/v2\/media\/15690"}],"wp:attachment":[{"href":"https:\/\/cronicadesoledad.com\/index.php\/wp-json\/wp\/v2\/media?parent=15689"}],"wp:term":[{"taxonomy":"category","embeddable":true,"href":"https:\/\/cronicadesoledad.com\/index.php\/wp-json\/wp\/v2\/categories?post=15689"},{"taxonomy":"post_tag","embeddable":true,"href":"https:\/\/cronicadesoledad.com\/index.php\/wp-json\/wp\/v2\/tags?post=15689"}],"curies":[{"name":"wp","href":"https:\/\/api.w.org\/{rel}","templated":true}]}}