{"id":15709,"date":"2025-03-12T22:20:27","date_gmt":"2025-03-13T04:20:27","guid":{"rendered":"https:\/\/cronicadesoledad.com\/?p=15709"},"modified":"2025-03-12T22:20:28","modified_gmt":"2025-03-13T04:20:28","slug":"invitan-a-soledenses-a-ser-testigos-del-rumbo-a-la-prosperidad","status":"publish","type":"post","link":"https:\/\/cronicadesoledad.com\/index.php\/2025\/03\/12\/invitan-a-soledenses-a-ser-testigos-del-rumbo-a-la-prosperidad\/","title":{"rendered":"Invitan a soledenses a ser testigos del rumbo a la prosperidad"},"content":{"rendered":"\n<p>En aras de transmitir a las familias y habitantes el plan de progreso de Soledad de Graciano S\u00e1nchez, para los pr\u00f3ximos tres a\u00f1os, que el Alcalde Juan Manuel Navarro Mu\u00f1iz ha definido, el Ayuntamiento invita a la presentaci\u00f3n del Plan Municipal de Desarrollo 2024-2027, documento que guiar\u00e1 la gesti\u00f3n del Gobierno municipal, orientado a resolver los retos actuales y a sentar las bases para un crecimiento ordenado y sostenible.<\/p>\n\n\n\n<p>Se invita a la ciudadan\u00eda en general a acompa\u00f1ar al edil en este importante evento, donde se dar\u00e1n a conocer los proyectos y estrategias que guiar\u00e1n el rumbo del municipio en los pr\u00f3ximos a\u00f1os, donde se abordar\u00e1n temas como la mejora de los servicios p\u00fablicos, con \u00e9nfasis en el suministro de agua potable, el mantenimiento del drenaje y la recolecci\u00f3n de basura; asimismo, se destacar\u00e1 la creaci\u00f3n de la Guardia Civil Municipal, que refuerza la seguridad y la confianza ciudadana.<\/p>\n\n\n\n<p>El Plan Municipal de Desarrollo responde a las necesidades de la poblaci\u00f3n y continuar\u00e1 con la construcci\u00f3n de un Soledad m\u00e1s fuerte, inclusivo y visionario, teniendo como ejes fundamentales el impulso a la infraestructura, la salud, la educaci\u00f3n, el desarrollo econ\u00f3mico y social, y la seguridad, todo ello con la visi\u00f3n de hacer de Soledad un lugar donde cada familia, cada joven y cada adulto mayor pueda tener acceso a mejores oportunidades y vivir en un entorno seguro y pr\u00f3spero.<\/p>\n\n\n\n<p>Este evento representa una oportunidad para que las y los soledenses conozcan de primera mano las estrategias y acciones que impulsar\u00e1n la transformaci\u00f3n del municipio. La cita es el jueves 13 de marzo a las 10 de la ma\u00f1ana en el Teatro y Centro Cultural de Soledad, donde la ciudadan\u00eda podr\u00e1 conocer a detalle los ejes y objetivos de este ambicioso plan de gobierno.<\/p>\n","protected":false},"excerpt":{"rendered":"<p>En aras de transmitir a las familias y habitantes el plan de progreso de Soledad de Graciano S\u00e1nchez, para los pr\u00f3ximos tres a\u00f1os, que el Alcalde Juan Manuel Navarro Mu\u00f1iz ha definido, el Ayuntamiento invita a la presentaci\u00f3n del Plan Municipal de Desarrollo 2024-2027, documento que guiar\u00e1 la gesti\u00f3n del Gobierno municipal, orientado a resolver [&hellip;]<\/p>\n","protected":false},"author":2,"featured_media":15710,"comment_status":"open","ping_status":"open","sticky":false,"template":"","format":"standard","meta":{"footnotes":""},"categories":[1,24,21],"tags":[3479,223,2904,294,261,27],"class_list":{"0":"post-15709","1":"post","2":"type-post","3":"status-publish","4":"format-standard","5":"has-post-thumbnail","7":"category-destacadas","8":"category-informacion-general","9":"category-tu-soledad","10":"tag-2024-2027-2","11":"tag-ayuntamiento-soledense","12":"tag-plan-municipal-de-desarrollo","13":"tag-san-luis","14":"tag-slp","15":"tag-soledad"},"_links":{"self":[{"href":"https:\/\/cronicadesoledad.com\/index.php\/wp-json\/wp\/v2\/posts\/15709","targetHints":{"allow":["GET"]}}],"collection":[{"href":"https:\/\/cronicadesoledad.com\/index.php\/wp-json\/wp\/v2\/posts"}],"about":[{"href":"https:\/\/cronicadesoledad.com\/index.php\/wp-json\/wp\/v2\/types\/post"}],"author":[{"embeddable":true,"href":"https:\/\/cronicadesoledad.com\/index.php\/wp-json\/wp\/v2\/users\/2"}],"replies":[{"embeddable":true,"href":"https:\/\/cronicadesoledad.com\/index.php\/wp-json\/wp\/v2\/comments?post=15709"}],"version-history":[{"count":1,"href":"https:\/\/cronicadesoledad.com\/index.php\/wp-json\/wp\/v2\/posts\/15709\/revisions"}],"predecessor-version":[{"id":15711,"href":"https:\/\/cronicadesoledad.com\/index.php\/wp-json\/wp\/v2\/posts\/15709\/revisions\/15711"}],"wp:featuredmedia":[{"embeddable":true,"href":"https:\/\/cronicadesoledad.com\/index.php\/wp-json\/wp\/v2\/media\/15710"}],"wp:attachment":[{"href":"https:\/\/cronicadesoledad.com\/index.php\/wp-json\/wp\/v2\/media?parent=15709"}],"wp:term":[{"taxonomy":"category","embeddable":true,"href":"https:\/\/cronicadesoledad.com\/index.php\/wp-json\/wp\/v2\/categories?post=15709"},{"taxonomy":"post_tag","embeddable":true,"href":"https:\/\/cronicadesoledad.com\/index.php\/wp-json\/wp\/v2\/tags?post=15709"}],"curies":[{"name":"wp","href":"https:\/\/api.w.org\/{rel}","templated":true}]}}