{"id":15746,"date":"2025-03-13T18:07:00","date_gmt":"2025-03-14T00:07:00","guid":{"rendered":"https:\/\/cronicadesoledad.com\/?p=15746"},"modified":"2025-03-13T18:07:01","modified_gmt":"2025-03-14T00:07:01","slug":"soledad-lanza-jornada-de-reforestacion-para-cuidar-el-medio-ambiente","status":"publish","type":"post","link":"https:\/\/cronicadesoledad.com\/index.php\/2025\/03\/13\/soledad-lanza-jornada-de-reforestacion-para-cuidar-el-medio-ambiente\/","title":{"rendered":"Soledad lanza jornada de reforestaci\u00f3n para cuidar el medio ambiente"},"content":{"rendered":"\n<p>El Ayuntamiento de Soledad de Graciano S\u00e1nchez se prepara para llevar a cabo una significativa jornada de reforestaci\u00f3n con el objetivo de promover la conciencia ambiental entre los ciudadanos y fortalecer las \u00e1reas verdes del municipio. La directora de Ecolog\u00eda Municipal, Jazm\u00edn Johana Luna Barrios, dio a conocer que el pr\u00f3ximo mes dar\u00e1 inicio una serie de campa\u00f1as de reforestaci\u00f3n que abarcar\u00e1n tanto escuelas como espacios comunes en diversas colonias y comunidades.<\/p>\n\n\n\n<p>Esta iniciativa busca no solo aumentar el n\u00famero de \u00e1reas verdes, sino tambi\u00e9n incentivar la participaci\u00f3n activa de la poblaci\u00f3n en el cuidado y preservaci\u00f3n del entorno natural. A trav\u00e9s de estas actividades, el gobierno local espera sembrar m\u00e1s de dos mil \u00e1rboles en diversos puntos del municipio a lo largo del presente a\u00f1o.<\/p>\n\n\n\n<p>Como parte de estas acciones, tambi\u00e9n se ha fomentado la entrega de \u00e1rboles frutales a diferentes sectores de la comunidad, incluidas organizaciones como el Centro &#8220;Crecer para la Vida&#8221;, que recientemente recibi\u00f3 una donaci\u00f3n de estas especies. Adem\u00e1s, a trav\u00e9s del programa de intercambio de basura electr\u00f3nica por \u00e1rboles, m\u00e1s de 100 ejemplares fueron entregados a ciudadanos interesados en contribuir al medio ambiente mediante la disposici\u00f3n responsable de sus desechos electr\u00f3nicos.<\/p>\n\n\n\n<p>El Ayuntamiento no solo se enfoca en la reforestaci\u00f3n, sino que tambi\u00e9n est\u00e1 promoviendo programas de reciclaje y actividades educativas para sensibilizar a la poblaci\u00f3n sobre la importancia del cuidado del medio ambiente. Con estas acciones, el gobierno local reafirma su compromiso con la protecci\u00f3n de los recursos naturales y el impulso de una cultura ecol\u00f3gica en Soledad de Graciano S\u00e1nchez.<\/p>\n","protected":false},"excerpt":{"rendered":"<p>El Ayuntamiento de Soledad de Graciano S\u00e1nchez se prepara para llevar a cabo una significativa jornada de reforestaci\u00f3n con el objetivo de promover la conciencia ambiental entre los ciudadanos y fortalecer las \u00e1reas verdes del municipio. La directora de Ecolog\u00eda Municipal, Jazm\u00edn Johana Luna Barrios, dio a conocer que el pr\u00f3ximo mes dar\u00e1 inicio una [&hellip;]<\/p>\n","protected":false},"author":1,"featured_media":15747,"comment_status":"open","ping_status":"open","sticky":false,"template":"","format":"standard","meta":{"footnotes":""},"categories":[24,21],"tags":[850,794,261,27],"class_list":{"0":"post-15746","1":"post","2":"type-post","3":"status-publish","4":"format-standard","5":"has-post-thumbnail","7":"category-informacion-general","8":"category-tu-soledad","9":"tag-medio-ambiente","10":"tag-reforestacion","11":"tag-slp","12":"tag-soledad"},"_links":{"self":[{"href":"https:\/\/cronicadesoledad.com\/index.php\/wp-json\/wp\/v2\/posts\/15746","targetHints":{"allow":["GET"]}}],"collection":[{"href":"https:\/\/cronicadesoledad.com\/index.php\/wp-json\/wp\/v2\/posts"}],"about":[{"href":"https:\/\/cronicadesoledad.com\/index.php\/wp-json\/wp\/v2\/types\/post"}],"author":[{"embeddable":true,"href":"https:\/\/cronicadesoledad.com\/index.php\/wp-json\/wp\/v2\/users\/1"}],"replies":[{"embeddable":true,"href":"https:\/\/cronicadesoledad.com\/index.php\/wp-json\/wp\/v2\/comments?post=15746"}],"version-history":[{"count":1,"href":"https:\/\/cronicadesoledad.com\/index.php\/wp-json\/wp\/v2\/posts\/15746\/revisions"}],"predecessor-version":[{"id":15748,"href":"https:\/\/cronicadesoledad.com\/index.php\/wp-json\/wp\/v2\/posts\/15746\/revisions\/15748"}],"wp:featuredmedia":[{"embeddable":true,"href":"https:\/\/cronicadesoledad.com\/index.php\/wp-json\/wp\/v2\/media\/15747"}],"wp:attachment":[{"href":"https:\/\/cronicadesoledad.com\/index.php\/wp-json\/wp\/v2\/media?parent=15746"}],"wp:term":[{"taxonomy":"category","embeddable":true,"href":"https:\/\/cronicadesoledad.com\/index.php\/wp-json\/wp\/v2\/categories?post=15746"},{"taxonomy":"post_tag","embeddable":true,"href":"https:\/\/cronicadesoledad.com\/index.php\/wp-json\/wp\/v2\/tags?post=15746"}],"curies":[{"name":"wp","href":"https:\/\/api.w.org\/{rel}","templated":true}]}}