{"id":15774,"date":"2025-03-14T11:30:00","date_gmt":"2025-03-14T17:30:00","guid":{"rendered":"https:\/\/cronicadesoledad.com\/?p=15774"},"modified":"2025-03-14T10:46:14","modified_gmt":"2025-03-14T16:46:14","slug":"padres-toman-telesecundaria-en-los-gomez-por-falta-de-maestros","status":"publish","type":"post","link":"https:\/\/cronicadesoledad.com\/index.php\/2025\/03\/14\/padres-toman-telesecundaria-en-los-gomez-por-falta-de-maestros\/","title":{"rendered":"Padres toman telesecundaria en Los G\u00f3mez por falta de maestros"},"content":{"rendered":"\n<p>Padres de familia de la telesecundaria Ricardo Flores Mag\u00f3n, en la comunidad de Los G\u00f3mez, cerraron las instalaciones del plantel en protesta por la falta de maestros, problema que afecta a los estudiantes desde hace m\u00e1s de dos a\u00f1os.<\/p>\n\n\n\n<p>La situaci\u00f3n se agrav\u00f3 en octubre pasado con la ausencia del docente de segundo grado y la reciente jubilaci\u00f3n de la maestra de tercero. Ante la falta de respuesta de las autoridades, los padres decidieron tomar medidas y advirtieron que, si no hay soluci\u00f3n, bloquear\u00e1n la carretera Rioverde.<\/p>\n\n\n\n<p>Actualmente, tres docentes atienden a 82 alumnos, mientras el director del plantel se ha visto obligado a asumir doble funci\u00f3n como administrador y profesor. Los manifestantes cuestionaron que en otras escuelas s\u00ed se han asignado maestros, mientras que su solicitud ha sido ignorada.<\/p>\n\n\n\n<p>Adem\u00e1s de exigir personal docente, los padres han trabajado en mejorar la infraestructura de la escuela con apoyo gubernamental y recursos propios. Sin embargo, advirtieron que sin maestros suficientes, la educaci\u00f3n de sus hijos sigue en riesgo y no permitir\u00e1n que la telesecundaria se convierta en una escuela rural con un solo profesor.<\/p>\n","protected":false},"excerpt":{"rendered":"<p>Padres de familia de la telesecundaria Ricardo Flores Mag\u00f3n, en la comunidad de Los G\u00f3mez, cerraron las instalaciones del plantel en protesta por la falta de maestros, problema que afecta a los estudiantes desde hace m\u00e1s de dos a\u00f1os. La situaci\u00f3n se agrav\u00f3 en octubre pasado con la ausencia del docente de segundo grado y [&hellip;]<\/p>\n","protected":false},"author":1,"featured_media":15775,"comment_status":"open","ping_status":"open","sticky":false,"template":"","format":"standard","meta":{"footnotes":""},"categories":[30,24,3080],"tags":[3499,320,3500,2477,663,294,261,27,3176],"class_list":{"0":"post-15774","1":"post","2":"type-post","3":"status-publish","4":"format-standard","5":"has-post-thumbnail","7":"category-de-la-region-centro","8":"category-informacion-general","9":"category-slp","10":"tag-carretera-rioverde","11":"tag-educacion","12":"tag-falta-de-maestros","13":"tag-padres-de-familia","14":"tag-protesta","15":"tag-san-luis","16":"tag-slp","17":"tag-soledad","18":"tag-telesecundaria"},"_links":{"self":[{"href":"https:\/\/cronicadesoledad.com\/index.php\/wp-json\/wp\/v2\/posts\/15774","targetHints":{"allow":["GET"]}}],"collection":[{"href":"https:\/\/cronicadesoledad.com\/index.php\/wp-json\/wp\/v2\/posts"}],"about":[{"href":"https:\/\/cronicadesoledad.com\/index.php\/wp-json\/wp\/v2\/types\/post"}],"author":[{"embeddable":true,"href":"https:\/\/cronicadesoledad.com\/index.php\/wp-json\/wp\/v2\/users\/1"}],"replies":[{"embeddable":true,"href":"https:\/\/cronicadesoledad.com\/index.php\/wp-json\/wp\/v2\/comments?post=15774"}],"version-history":[{"count":1,"href":"https:\/\/cronicadesoledad.com\/index.php\/wp-json\/wp\/v2\/posts\/15774\/revisions"}],"predecessor-version":[{"id":15776,"href":"https:\/\/cronicadesoledad.com\/index.php\/wp-json\/wp\/v2\/posts\/15774\/revisions\/15776"}],"wp:featuredmedia":[{"embeddable":true,"href":"https:\/\/cronicadesoledad.com\/index.php\/wp-json\/wp\/v2\/media\/15775"}],"wp:attachment":[{"href":"https:\/\/cronicadesoledad.com\/index.php\/wp-json\/wp\/v2\/media?parent=15774"}],"wp:term":[{"taxonomy":"category","embeddable":true,"href":"https:\/\/cronicadesoledad.com\/index.php\/wp-json\/wp\/v2\/categories?post=15774"},{"taxonomy":"post_tag","embeddable":true,"href":"https:\/\/cronicadesoledad.com\/index.php\/wp-json\/wp\/v2\/tags?post=15774"}],"curies":[{"name":"wp","href":"https:\/\/api.w.org\/{rel}","templated":true}]}}