{"id":15777,"date":"2025-03-14T12:00:00","date_gmt":"2025-03-14T18:00:00","guid":{"rendered":"https:\/\/cronicadesoledad.com\/?p=15777"},"modified":"2025-03-14T11:08:27","modified_gmt":"2025-03-14T17:08:27","slug":"cinco-anos-del-covid-19","status":"publish","type":"post","link":"https:\/\/cronicadesoledad.com\/index.php\/2025\/03\/14\/cinco-anos-del-covid-19\/","title":{"rendered":"Cinco a\u00f1os del Covid-19"},"content":{"rendered":"\n<p>Por: Mart\u00edn Hern\u00e1ndez<\/p>\n\n\n\n<p>Hace cinco a\u00f1os, el mundo se vio abruptamente obligado a replantearse su funcionamiento a ra\u00edz de la irrupci\u00f3n del COVID-19. La pandemia no solo puso a prueba la capacidad de respuesta de los sistemas de salud, sino que tambi\u00e9n transform\u00f3 radicalmente la econom\u00eda, el trabajo y la vida social, dejando una huella imborrable en la historia.<\/p>\n\n\n\n<p>La emergencia sanitaria impuls\u00f3 una carrera sin precedentes en investigaci\u00f3n y desarrollo. Gracias a la colaboraci\u00f3n internacional y a la movilizaci\u00f3n de recursos, se logr\u00f3 desarrollar y distribuir vacunas en tiempo r\u00e9cord. Como resultado, se ha alcanzado la cifra notable de que m\u00e1s del 70 % de la poblaci\u00f3n mundial recibi\u00f3 al menos una dosis, lo que represent\u00f3 un esfuerzo monumental en t\u00e9rminos de coordinaci\u00f3n y log\u00edstica. Este logro no solo disminuy\u00f3 dr\u00e1sticamente las tasas de mortalidad, sino que tambi\u00e9n marc\u00f3 un antes y un despu\u00e9s en la manera en que se abordan futuras crisis sanitarias .<\/p>\n\n\n\n<p>El COVID-19 desat\u00f3 una recesi\u00f3n en diversas econom\u00edas, obligando a gobiernos y empresas a implementar paquetes de est\u00edmulo fiscal y monetario. Sin embargo, entre las dificultades surgieron oportunidades. La aceleraci\u00f3n de la transformaci\u00f3n digital permiti\u00f3 que sectores como el tecnol\u00f3gico y el comercio electr\u00f3nico registraran crecimientos superiores al 15 % anual. Este dinamismo contrast\u00f3 con la situaci\u00f3n de industrias m\u00e1s tradicionales, que a\u00fan se esfuerzan por adaptarse a la nueva realidad. La transici\u00f3n hacia el teletrabajo se consolid\u00f3 como una tendencia duradera, demostrando que la resiliencia econ\u00f3mica puede coexistir con la innovaci\u00f3n en tiempos de crisis .<\/p>\n\n\n\n<p>El aislamiento, la incertidumbre y la constante preocupaci\u00f3n por la salud tuvieron un impacto profundo en la sociedad. Estudios recientes indican que aproximadamente el 30 % de la poblaci\u00f3n experiment\u00f3 s\u00edntomas de ansiedad o depresi\u00f3n durante los momentos cr\u00edticos de la pandemia. Estas cifras han llevado a un aumento en la inversi\u00f3n en salud mental y a la implementaci\u00f3n de programas de apoyo comunitario, evidenciando la importancia de cuidar el bienestar emocional en situaciones de emergencia. Adem\u00e1s, la crisis agudiz\u00f3 desigualdades preexistentes, destacando la urgencia de pol\u00edticas p\u00fablicas que aseguren un acceso equitativo a la salud y a los recursos b\u00e1sicos .<\/p>\n\n\n\n<p>Cinco a\u00f1os despu\u00e9s del inicio del COVID-19, las estad\u00edsticas y experiencias vividas ofrecen ense\u00f1anzas esenciales. La masiva campa\u00f1a de vacunaci\u00f3n y la notable tasa de crecimiento en sectores digitales son testimonio del ingenio y la capacidad de adaptaci\u00f3n de la humanidad. Estas transformaciones subrayan la necesidad de fortalecer los sistemas de salud p\u00fablica y de continuar invirtiendo en innovaci\u00f3n tecnol\u00f3gica para mitigar los efectos de futuras crisis.<\/p>\n\n\n\n<p>Este aniversario no es solo una ocasi\u00f3n para recordar el dif\u00edcil pasado, sino tambi\u00e9n para reflexionar sobre los avances logrados y los desaf\u00edos que a\u00fan se deben enfrentar. La historia de estos cinco a\u00f1os es, ante todo, una lecci\u00f3n sobre la capacidad humana de reinventarse en tiempos de adversidad y salir juntos como sociedad hacia adelante.<\/p>\n","protected":false},"excerpt":{"rendered":"<p>Por: Mart\u00edn Hern\u00e1ndez Hace cinco a\u00f1os, el mundo se vio abruptamente obligado a replantearse su funcionamiento a ra\u00edz de la irrupci\u00f3n del COVID-19. La pandemia no solo puso a prueba la capacidad de respuesta de los sistemas de salud, sino que tambi\u00e9n transform\u00f3 radicalmente la econom\u00eda, el trabajo y la vida social, dejando una huella [&hellip;]<\/p>\n","protected":false},"author":1,"featured_media":15778,"comment_status":"open","ping_status":"open","sticky":false,"template":"","format":"standard","meta":{"footnotes":""},"categories":[30,1,24],"tags":[2659,287,3501,269,294,261,27],"class_list":{"0":"post-15777","1":"post","2":"type-post","3":"status-publish","4":"format-standard","5":"has-post-thumbnail","7":"category-de-la-region-centro","8":"category-destacadas","9":"category-informacion-general","10":"tag-covid-19","11":"tag-nacional","12":"tag-pandemia","13":"tag-salud","14":"tag-san-luis","15":"tag-slp","16":"tag-soledad"},"_links":{"self":[{"href":"https:\/\/cronicadesoledad.com\/index.php\/wp-json\/wp\/v2\/posts\/15777","targetHints":{"allow":["GET"]}}],"collection":[{"href":"https:\/\/cronicadesoledad.com\/index.php\/wp-json\/wp\/v2\/posts"}],"about":[{"href":"https:\/\/cronicadesoledad.com\/index.php\/wp-json\/wp\/v2\/types\/post"}],"author":[{"embeddable":true,"href":"https:\/\/cronicadesoledad.com\/index.php\/wp-json\/wp\/v2\/users\/1"}],"replies":[{"embeddable":true,"href":"https:\/\/cronicadesoledad.com\/index.php\/wp-json\/wp\/v2\/comments?post=15777"}],"version-history":[{"count":1,"href":"https:\/\/cronicadesoledad.com\/index.php\/wp-json\/wp\/v2\/posts\/15777\/revisions"}],"predecessor-version":[{"id":15779,"href":"https:\/\/cronicadesoledad.com\/index.php\/wp-json\/wp\/v2\/posts\/15777\/revisions\/15779"}],"wp:featuredmedia":[{"embeddable":true,"href":"https:\/\/cronicadesoledad.com\/index.php\/wp-json\/wp\/v2\/media\/15778"}],"wp:attachment":[{"href":"https:\/\/cronicadesoledad.com\/index.php\/wp-json\/wp\/v2\/media?parent=15777"}],"wp:term":[{"taxonomy":"category","embeddable":true,"href":"https:\/\/cronicadesoledad.com\/index.php\/wp-json\/wp\/v2\/categories?post=15777"},{"taxonomy":"post_tag","embeddable":true,"href":"https:\/\/cronicadesoledad.com\/index.php\/wp-json\/wp\/v2\/tags?post=15777"}],"curies":[{"name":"wp","href":"https:\/\/api.w.org\/{rel}","templated":true}]}}