{"id":15797,"date":"2025-03-14T16:30:00","date_gmt":"2025-03-14T22:30:00","guid":{"rendered":"https:\/\/cronicadesoledad.com\/?p=15797"},"modified":"2025-03-14T15:42:32","modified_gmt":"2025-03-14T21:42:32","slug":"vive-la-cultura-en-el-primer-festival-artesanal-potosino","status":"publish","type":"post","link":"https:\/\/cronicadesoledad.com\/index.php\/2025\/03\/14\/vive-la-cultura-en-el-primer-festival-artesanal-potosino\/","title":{"rendered":"Vive la cultura en el Primer Festival Artesanal Potosino"},"content":{"rendered":"\n<p>Este 15 y 16 de marzo, la Plaza Principal de Soledad se convertir\u00e1 en el epicentro de la cultura y la creatividad con la celebraci\u00f3n del <strong>Primer Festival Artesanal Potosino<\/strong>. Durante dos d\u00edas, los asistentes podr\u00e1n disfrutar de una amplia variedad de actividades que destacan lo mejor de la tradici\u00f3n artesanal de San Luis Potos\u00ed.<\/p>\n\n\n\n<p>Se apreciar\u00e1 la riqueza cultural de la regi\u00f3n, ya que el festival reunir\u00e1 a talentosos artesanos locales que expondr\u00e1n y pondr\u00e1n a la venta sus productos \u00fanicos, elaborados con t\u00e9cnicas ancestrales que han sido transmitidas de generaci\u00f3n en generaci\u00f3n.<\/p>\n\n\n\n<p>Adem\u00e1s de la exhibici\u00f3n y venta de artesan\u00edas, el evento ofrecer\u00e1 una serie de espect\u00e1culos en vivo que incluyen m\u00fasica, danza y presentaciones en las que se destacar\u00e1n las expresiones art\u00edsticas de la regi\u00f3n. Este festival ser\u00e1 una excelente oportunidad para que los potosinos y visitantes disfruten de un ambiente festivo y familiar.<\/p>\n\n\n\n<p>La entrada ser\u00e1 libre, por lo que el p\u00fablico podr\u00e1 acercarse a conocer la oferta artesanal de la regi\u00f3n, interactuar con los creadores, y llevarse a casa piezas \u00fanicas que reflejan el alma y la identidad de San Luis Potos\u00ed.<\/p>\n","protected":false},"excerpt":{"rendered":"<p>Este 15 y 16 de marzo, la Plaza Principal de Soledad se convertir\u00e1 en el epicentro de la cultura y la creatividad con la celebraci\u00f3n del Primer Festival Artesanal Potosino. Durante dos d\u00edas, los asistentes podr\u00e1n disfrutar de una amplia variedad de actividades que destacan lo mejor de la tradici\u00f3n artesanal de San Luis Potos\u00ed. [&hellip;]<\/p>\n","protected":false},"author":1,"featured_media":15799,"comment_status":"open","ping_status":"open","sticky":false,"template":"","format":"standard","meta":{"footnotes":""},"categories":[24,21],"tags":[334,3506,27],"class_list":{"0":"post-15797","1":"post","2":"type-post","3":"status-publish","4":"format-standard","5":"has-post-thumbnail","7":"category-informacion-general","8":"category-tu-soledad","9":"tag-cultura","10":"tag-festival-artesanal","11":"tag-soledad"},"_links":{"self":[{"href":"https:\/\/cronicadesoledad.com\/index.php\/wp-json\/wp\/v2\/posts\/15797","targetHints":{"allow":["GET"]}}],"collection":[{"href":"https:\/\/cronicadesoledad.com\/index.php\/wp-json\/wp\/v2\/posts"}],"about":[{"href":"https:\/\/cronicadesoledad.com\/index.php\/wp-json\/wp\/v2\/types\/post"}],"author":[{"embeddable":true,"href":"https:\/\/cronicadesoledad.com\/index.php\/wp-json\/wp\/v2\/users\/1"}],"replies":[{"embeddable":true,"href":"https:\/\/cronicadesoledad.com\/index.php\/wp-json\/wp\/v2\/comments?post=15797"}],"version-history":[{"count":1,"href":"https:\/\/cronicadesoledad.com\/index.php\/wp-json\/wp\/v2\/posts\/15797\/revisions"}],"predecessor-version":[{"id":15800,"href":"https:\/\/cronicadesoledad.com\/index.php\/wp-json\/wp\/v2\/posts\/15797\/revisions\/15800"}],"wp:featuredmedia":[{"embeddable":true,"href":"https:\/\/cronicadesoledad.com\/index.php\/wp-json\/wp\/v2\/media\/15799"}],"wp:attachment":[{"href":"https:\/\/cronicadesoledad.com\/index.php\/wp-json\/wp\/v2\/media?parent=15797"}],"wp:term":[{"taxonomy":"category","embeddable":true,"href":"https:\/\/cronicadesoledad.com\/index.php\/wp-json\/wp\/v2\/categories?post=15797"},{"taxonomy":"post_tag","embeddable":true,"href":"https:\/\/cronicadesoledad.com\/index.php\/wp-json\/wp\/v2\/tags?post=15797"}],"curies":[{"name":"wp","href":"https:\/\/api.w.org\/{rel}","templated":true}]}}