{"id":15852,"date":"2025-03-15T22:07:33","date_gmt":"2025-03-16T04:07:33","guid":{"rendered":"https:\/\/cronicadesoledad.com\/?p=15852"},"modified":"2025-03-15T22:07:33","modified_gmt":"2025-03-16T04:07:33","slug":"primavera-divertida-en-las-bibliotecas-de-soledad","status":"publish","type":"post","link":"https:\/\/cronicadesoledad.com\/index.php\/2025\/03\/15\/primavera-divertida-en-las-bibliotecas-de-soledad\/","title":{"rendered":"Primavera divertida en las bibliotecas de Soledad"},"content":{"rendered":"\n<p>El Ayuntamiento de Soledad, a trav\u00e9s de la Coordinaci\u00f3n de Bibliotecas Municipales, ha lanzado la edici\u00f3n 2025 de su programa <em>\u201cEn Primavera, la Biblioteca te Espera\u201d<\/em>, que ofrecer\u00e1 una serie de actividades recreativas y educativas para las ni\u00f1as y ni\u00f1os del municipio durante el periodo vacacional.<\/p>\n\n\n\n<p>El programa, que se llevar\u00e1 a cabo en varias de las bibliotecas municipales, tiene como objetivo fomentar el amor por la lectura, adem\u00e1s de ofrecer un espacio de esparcimiento donde los menores puedan desarrollar habilidades creativas y sociales. Los talleres ser\u00e1n totalmente gratuitos y estar\u00e1n dirigidos a los peque\u00f1os de Soledad, quienes disfrutar\u00e1n de diversas actividades l\u00fadicas, manualidades, cuentacuentos y m\u00e1s.<\/p>\n\n\n\n<p>Este a\u00f1o, la iniciativa ha crecido gracias a una serie de acciones de promoci\u00f3n en las escuelas, lo que se espera se traduzca en una mayor participaci\u00f3n de los ni\u00f1os y ni\u00f1as en comparaci\u00f3n con la edici\u00f3n anterior, donde m\u00e1s de 200 menores disfrutaron de las actividades. Adem\u00e1s, el personal bibliotecario se ha capacitado con la Red Nacional de Bibliotecas para ofrecer una experiencia a\u00fan m\u00e1s enriquecedora para los participantes.<\/p>\n\n\n\n<p>El Ayuntamiento invita a las familias soledenses a estar al tanto de los detalles de las actividades a trav\u00e9s de las redes sociales municipales, donde se compartir\u00e1n horarios y ubicaciones. Este esfuerzo tiene como objetivo fortalecer el v\u00ednculo de los ni\u00f1os con la lectura y proporcionarles un entorno seguro y divertido para aprender y jugar.<\/p>\n","protected":false},"excerpt":{"rendered":"<p>El Ayuntamiento de Soledad, a trav\u00e9s de la Coordinaci\u00f3n de Bibliotecas Municipales, ha lanzado la edici\u00f3n 2025 de su programa \u201cEn Primavera, la Biblioteca te Espera\u201d, que ofrecer\u00e1 una serie de actividades recreativas y educativas para las ni\u00f1as y ni\u00f1os del municipio durante el periodo vacacional. El programa, que se llevar\u00e1 a cabo en varias [&hellip;]<\/p>\n","protected":false},"author":1,"featured_media":15853,"comment_status":"open","ping_status":"open","sticky":false,"template":"","format":"standard","meta":{"footnotes":""},"categories":[24,21],"tags":[430,3529,27],"class_list":{"0":"post-15852","1":"post","2":"type-post","3":"status-publish","4":"format-standard","5":"has-post-thumbnail","7":"category-informacion-general","8":"category-tu-soledad","9":"tag-bibliotecas","10":"tag-primavera","11":"tag-soledad"},"_links":{"self":[{"href":"https:\/\/cronicadesoledad.com\/index.php\/wp-json\/wp\/v2\/posts\/15852","targetHints":{"allow":["GET"]}}],"collection":[{"href":"https:\/\/cronicadesoledad.com\/index.php\/wp-json\/wp\/v2\/posts"}],"about":[{"href":"https:\/\/cronicadesoledad.com\/index.php\/wp-json\/wp\/v2\/types\/post"}],"author":[{"embeddable":true,"href":"https:\/\/cronicadesoledad.com\/index.php\/wp-json\/wp\/v2\/users\/1"}],"replies":[{"embeddable":true,"href":"https:\/\/cronicadesoledad.com\/index.php\/wp-json\/wp\/v2\/comments?post=15852"}],"version-history":[{"count":1,"href":"https:\/\/cronicadesoledad.com\/index.php\/wp-json\/wp\/v2\/posts\/15852\/revisions"}],"predecessor-version":[{"id":15854,"href":"https:\/\/cronicadesoledad.com\/index.php\/wp-json\/wp\/v2\/posts\/15852\/revisions\/15854"}],"wp:featuredmedia":[{"embeddable":true,"href":"https:\/\/cronicadesoledad.com\/index.php\/wp-json\/wp\/v2\/media\/15853"}],"wp:attachment":[{"href":"https:\/\/cronicadesoledad.com\/index.php\/wp-json\/wp\/v2\/media?parent=15852"}],"wp:term":[{"taxonomy":"category","embeddable":true,"href":"https:\/\/cronicadesoledad.com\/index.php\/wp-json\/wp\/v2\/categories?post=15852"},{"taxonomy":"post_tag","embeddable":true,"href":"https:\/\/cronicadesoledad.com\/index.php\/wp-json\/wp\/v2\/tags?post=15852"}],"curies":[{"name":"wp","href":"https:\/\/api.w.org\/{rel}","templated":true}]}}