{"id":15886,"date":"2025-03-17T12:00:00","date_gmt":"2025-03-17T18:00:00","guid":{"rendered":"https:\/\/cronicadesoledad.com\/?p=15886"},"modified":"2025-03-17T11:05:22","modified_gmt":"2025-03-17T17:05:22","slug":"gobierno-anuncia-reformas-para-enfrentar-crisis-de-desapariciones","status":"publish","type":"post","link":"https:\/\/cronicadesoledad.com\/index.php\/2025\/03\/17\/gobierno-anuncia-reformas-para-enfrentar-crisis-de-desapariciones\/","title":{"rendered":"Gobierno anuncia reformas para enfrentar crisis de desapariciones"},"content":{"rendered":"\n<p>La presidenta Claudia Sheinbaum anunci\u00f3 una serie de reformas legales y operativas para fortalecer la respuesta del Estado ante la crisis de desapariciones en M\u00e9xico. En su conferencia de este lunes, asegur\u00f3 que no habr\u00e1 impunidad y que su gobierno trabajar\u00e1 con base en evidencia cient\u00edfica para esclarecer los casos.<\/p>\n\n\n\n<p>Entre las acciones destacadas se encuentra la creaci\u00f3n de una base nacional de informaci\u00f3n forense que unificar\u00e1 los registros de las fiscal\u00edas estatales y la Fiscal\u00eda General de la Rep\u00fablica (FGR), adem\u00e1s de una plataforma federal de identificaci\u00f3n humana. Tambi\u00e9n se fortalecer\u00e1 la Comisi\u00f3n Nacional de B\u00fasqueda con mayores recursos y tecnolog\u00eda para mejorar el an\u00e1lisis de contexto y localizaci\u00f3n de personas.<\/p>\n\n\n\n<p>Otra de las reformas clave ser\u00e1 la modificaci\u00f3n de la Ley General de Poblaci\u00f3n para que la Clave \u00danica de Registro de Poblaci\u00f3n (CURP) se convierta en el identificador oficial en todas las dependencias gubernamentales, agilizando los procesos de b\u00fasqueda. Adem\u00e1s, se establecer\u00e1n protocolos para activar alertas de manera inmediata, iniciar investigaciones sin periodo de espera y equiparar la desaparici\u00f3n con el delito de secuestro.<\/p>\n\n\n\n<p>El anuncio ocurre tras las protestas de familias de personas desaparecidas por el hallazgo de un presunto centro de detenci\u00f3n y reclutamiento forzado en Teuchitl\u00e1n, Jalisco. Colectivos de b\u00fasqueda denunciaron la existencia de cientos de prendas y objetos personales en el lugar, adem\u00e1s de antecedentes de actividad criminal vinculada al narcotr\u00e1fico.<\/p>\n","protected":false},"excerpt":{"rendered":"<p>La presidenta Claudia Sheinbaum anunci\u00f3 una serie de reformas legales y operativas para fortalecer la respuesta del Estado ante la crisis de desapariciones en M\u00e9xico. En su conferencia de este lunes, asegur\u00f3 que no habr\u00e1 impunidad y que su gobierno trabajar\u00e1 con base en evidencia cient\u00edfica para esclarecer los casos. Entre las acciones destacadas se [&hellip;]<\/p>\n","protected":false},"author":1,"featured_media":15887,"comment_status":"open","ping_status":"open","sticky":false,"template":"","format":"standard","meta":{"footnotes":""},"categories":[30,24],"tags":[619,783,3115,287,294,261,27],"class_list":{"0":"post-15886","1":"post","2":"type-post","3":"status-publish","4":"format-standard","5":"has-post-thumbnail","7":"category-de-la-region-centro","8":"category-informacion-general","9":"tag-claudia-sheinbaum","10":"tag-desaparecidos","11":"tag-fgr","12":"tag-nacional","13":"tag-san-luis","14":"tag-slp","15":"tag-soledad"},"_links":{"self":[{"href":"https:\/\/cronicadesoledad.com\/index.php\/wp-json\/wp\/v2\/posts\/15886","targetHints":{"allow":["GET"]}}],"collection":[{"href":"https:\/\/cronicadesoledad.com\/index.php\/wp-json\/wp\/v2\/posts"}],"about":[{"href":"https:\/\/cronicadesoledad.com\/index.php\/wp-json\/wp\/v2\/types\/post"}],"author":[{"embeddable":true,"href":"https:\/\/cronicadesoledad.com\/index.php\/wp-json\/wp\/v2\/users\/1"}],"replies":[{"embeddable":true,"href":"https:\/\/cronicadesoledad.com\/index.php\/wp-json\/wp\/v2\/comments?post=15886"}],"version-history":[{"count":1,"href":"https:\/\/cronicadesoledad.com\/index.php\/wp-json\/wp\/v2\/posts\/15886\/revisions"}],"predecessor-version":[{"id":15888,"href":"https:\/\/cronicadesoledad.com\/index.php\/wp-json\/wp\/v2\/posts\/15886\/revisions\/15888"}],"wp:featuredmedia":[{"embeddable":true,"href":"https:\/\/cronicadesoledad.com\/index.php\/wp-json\/wp\/v2\/media\/15887"}],"wp:attachment":[{"href":"https:\/\/cronicadesoledad.com\/index.php\/wp-json\/wp\/v2\/media?parent=15886"}],"wp:term":[{"taxonomy":"category","embeddable":true,"href":"https:\/\/cronicadesoledad.com\/index.php\/wp-json\/wp\/v2\/categories?post=15886"},{"taxonomy":"post_tag","embeddable":true,"href":"https:\/\/cronicadesoledad.com\/index.php\/wp-json\/wp\/v2\/tags?post=15886"}],"curies":[{"name":"wp","href":"https:\/\/api.w.org\/{rel}","templated":true}]}}