{"id":15895,"date":"2025-03-17T13:30:00","date_gmt":"2025-03-17T19:30:00","guid":{"rendered":"https:\/\/cronicadesoledad.com\/?p=15895"},"modified":"2025-03-17T11:49:30","modified_gmt":"2025-03-17T17:49:30","slug":"zona-infantil-imagina-de-la-49a-fnl-uaslp-ofrecera-lecturas-musica-y-talleres","status":"publish","type":"post","link":"https:\/\/cronicadesoledad.com\/index.php\/2025\/03\/17\/zona-infantil-imagina-de-la-49a-fnl-uaslp-ofrecera-lecturas-musica-y-talleres\/","title":{"rendered":"Zona infantil &#8220;Imagina&#8221; de la 49\u00aa FNL-UASLP ofrecer\u00e1 lecturas, m\u00fasica y talleres"},"content":{"rendered":"\n<p>La edici\u00f3n 49 de la Feria Nacional del Libro de la Universidad Aut\u00f3noma de San Luis Potos\u00ed (UASLP), que se llevar\u00e1 a cabo del 28 de marzo al 6 de abril de 2025 en el Centro Cultural Universitario Bicentenario (CC200), contar\u00e1 con un espacio especial para ni\u00f1os denominado Zona Infantil \u201cImagina\u201d, cuyas actividades ser\u00e1n gratuitas, dio a conocer la licenciada Gabriela Alfaro Torres, responsable <a><\/a>de promoci\u00f3n de la Secretar\u00eda de Difusi\u00f3n Cultural.<\/p>\n\n\n\n<p>Gabriela Alfaro detall\u00f3 que entre los talleres destacan &#8220;Bolitas de vida&#8221; y &#8220;Mi primer huerto&#8221;, organizados en colaboraci\u00f3n con la Fundaci\u00f3n Herdez y Casa Do\u00f1a Mar\u00eda Pons. Estas actividades se enfocan en la preservaci\u00f3n y conservaci\u00f3n de plantas, donde los asistentes aprender\u00e1n a realizar composta y otros procesos ecol\u00f3gicos. Tambi\u00e9n se contar\u00e1 con sesiones de narraci\u00f3n oral y el concierto did\u00e1ctico infantil \u201cCantar y tocar para improvisar\u201d, donde un grupo de jazz ense\u00f1ar\u00e1 a los ni\u00f1os los fundamentos de la m\u00fasica y el uso de instrumentos musicales.<\/p>\n\n\n\n<p>El Museo Universitario (MUNI) participar\u00e1 con talleres como &#8220;Colores que brillan&#8221;, enfocado en la fluorescencia, y &#8220;Colores ocultos&#8221;, que abordar\u00e1 las acuarelas naturales y las tintas invisibles, en colaboraci\u00f3n con investigadores del Instituto de F\u00edsica de la UASLP.<\/p>\n\n\n\n<p>A\u00f1adi\u00f3 que este a\u00f1o, se ha programado un concierto did\u00e1ctico titulado \u201cSonidos Ancestrales\u201d los d\u00edas 3 y 4 de abril a las 11:00 horas, dirigido a adolescentes de 14 y 15 a\u00f1os. El evento estar\u00e1 a cargo del doctor Marco Tulio Ram\u00edrez Torres, investigador de la UASLP, y ofrecer\u00e1 un viaje musical por los instrumentos prehisp\u00e1nicos.<\/p>\n\n\n\n<p>La licenciada Alfaro Torres invit\u00f3 a las instituciones de educaci\u00f3n b\u00e1sica a reservar su participaci\u00f3n para que los grupos escolares puedan disfrutar de las actividades programadas y vivir una experiencia enriquecedora de acercamiento a la lectura y la cultura, para lo cual proporcion\u00f3 el tel\u00e9fono 444 826 1319 donde podr\u00e1n consultar las actividades disponibles y la log\u00edstica del evento.<\/p>\n\n\n\n<p>Para m\u00e1s informaci\u00f3n sobre el programa completo, los interesados pueden visitar las redes sociales de @Feria Nacional del Libro UASLP.<\/p>\n","protected":false},"excerpt":{"rendered":"<p>La edici\u00f3n 49 de la Feria Nacional del Libro de la Universidad Aut\u00f3noma de San Luis Potos\u00ed (UASLP), que se llevar\u00e1 a cabo del 28 de marzo al 6 de abril de 2025 en el Centro Cultural Universitario Bicentenario (CC200), contar\u00e1 con un espacio especial para ni\u00f1os denominado Zona Infantil \u201cImagina\u201d, cuyas actividades ser\u00e1n gratuitas, [&hellip;]<\/p>\n","protected":false},"author":1,"featured_media":15896,"comment_status":"open","ping_status":"open","sticky":false,"template":"","format":"standard","meta":{"footnotes":""},"categories":[30,24,3163,3080,3160],"tags":[320,3539,3522,294,261,27,150,3540],"class_list":{"0":"post-15895","1":"post","2":"type-post","3":"status-publish","4":"format-standard","5":"has-post-thumbnail","7":"category-de-la-region-centro","8":"category-informacion-general","9":"category-san-luis-potosi","10":"category-slp","11":"category-uaslp","12":"tag-educacion","13":"tag-feria-nacional-del-libro","14":"tag-literatura","15":"tag-san-luis","16":"tag-slp","17":"tag-soledad","18":"tag-uaslp","19":"tag-zona-infantil"},"_links":{"self":[{"href":"https:\/\/cronicadesoledad.com\/index.php\/wp-json\/wp\/v2\/posts\/15895","targetHints":{"allow":["GET"]}}],"collection":[{"href":"https:\/\/cronicadesoledad.com\/index.php\/wp-json\/wp\/v2\/posts"}],"about":[{"href":"https:\/\/cronicadesoledad.com\/index.php\/wp-json\/wp\/v2\/types\/post"}],"author":[{"embeddable":true,"href":"https:\/\/cronicadesoledad.com\/index.php\/wp-json\/wp\/v2\/users\/1"}],"replies":[{"embeddable":true,"href":"https:\/\/cronicadesoledad.com\/index.php\/wp-json\/wp\/v2\/comments?post=15895"}],"version-history":[{"count":1,"href":"https:\/\/cronicadesoledad.com\/index.php\/wp-json\/wp\/v2\/posts\/15895\/revisions"}],"predecessor-version":[{"id":15897,"href":"https:\/\/cronicadesoledad.com\/index.php\/wp-json\/wp\/v2\/posts\/15895\/revisions\/15897"}],"wp:featuredmedia":[{"embeddable":true,"href":"https:\/\/cronicadesoledad.com\/index.php\/wp-json\/wp\/v2\/media\/15896"}],"wp:attachment":[{"href":"https:\/\/cronicadesoledad.com\/index.php\/wp-json\/wp\/v2\/media?parent=15895"}],"wp:term":[{"taxonomy":"category","embeddable":true,"href":"https:\/\/cronicadesoledad.com\/index.php\/wp-json\/wp\/v2\/categories?post=15895"},{"taxonomy":"post_tag","embeddable":true,"href":"https:\/\/cronicadesoledad.com\/index.php\/wp-json\/wp\/v2\/tags?post=15895"}],"curies":[{"name":"wp","href":"https:\/\/api.w.org\/{rel}","templated":true}]}}