{"id":15898,"date":"2025-03-17T12:25:35","date_gmt":"2025-03-17T18:25:35","guid":{"rendered":"https:\/\/cronicadesoledad.com\/?p=15898"},"modified":"2025-03-17T12:25:36","modified_gmt":"2025-03-17T18:25:36","slug":"indiferencia-ante-el-horror-entre-el-miedo-y-la-resignacion","status":"publish","type":"post","link":"https:\/\/cronicadesoledad.com\/index.php\/2025\/03\/17\/indiferencia-ante-el-horror-entre-el-miedo-y-la-resignacion\/","title":{"rendered":"Indiferencia ante el horror: entre el miedo y la resignaci\u00f3n"},"content":{"rendered":"\n<p><strong>Por: Mart\u00edn Hern\u00e1ndez<\/strong><\/p>\n\n\n\n<p>El hallazgo de un centro de exterminio en Teuchitl\u00e1n, Jalisco, ha puesto en evidencia una realidad aterradora y brutal: la desaparici\u00f3n y asesinato sistem\u00e1tico de personas en M\u00e9xico. En este lugar, identificado como el Rancho Izaguirre, se descubrieron hornos clandestinos utilizados para la cremaci\u00f3n de cuerpos, lo que sugiere un nivel de violencia estructurada y normalizada. A pesar de la magnitud del horror, la reacci\u00f3n social y gubernamental ha sido tibia, reflejando una preocupante indiferencia.<\/p>\n\n\n\n<figure class=\"wp-block-image size-large\"><img decoding=\"async\" src=\"https:\/\/regioncentroslp.com\/wp-content\/uploads\/2025\/03\/WhatsApp-Image-2025-03-15-at-11.58.43-PM-1-1024x682.jpeg\" alt=\"\" class=\"wp-image-153836\"\/><figcaption class=\"wp-element-caption\">Foto: Emilio Egu\u00eda<\/figcaption><\/figure>\n\n\n\n<p>El 15 de marzo, diversos colectivos de b\u00fasqueda y organizaciones de derechos humanos convocaron a actos de conmemoraci\u00f3n en todo el pa\u00eds, buscando honrar la memoria de las v\u00edctimas y exigir justicia. Sin embargo, la respuesta fue desalentadora. En San Luis Potos\u00ed, la asistencia fue m\u00ednima, y en varias otras ciudades las manifestaciones se realizaron en espacios semivac\u00edos, exceptuando lugares como el Z\u00f3calo en la CDMX, que tuvo una gran asistencia. Esta falta de participaci\u00f3n sugiere que, aunque la violencia se reconoce como un problema, no se dimensiona su gravedad ni se traduce en una movilizaci\u00f3n contundente.<\/p>\n\n\n\n<p>La indiferencia no solo se observa en la sociedad, sino tambi\u00e9n en las autoridades. M\u00e1s all\u00e1 de declaraciones protocolares, no hay una respuesta firme ni un compromiso real para frenar estas pr\u00e1cticas de exterminio. La impunidad sigue siendo la norma, permitiendo que estos cr\u00edmenes se repitan sin consecuencias. La ausencia de pol\u00edticas efectivas para enfrentar la crisis de desapariciones refuerza la idea de que la violencia es parte del paisaje cotidiano.<\/p>\n\n\n\n<figure class=\"wp-block-image size-large\"><img decoding=\"async\" src=\"https:\/\/regioncentroslp.com\/wp-content\/uploads\/2025\/03\/WhatsApp-Image-2025-03-15-at-11.58.53-PM-1024x682.jpeg\" alt=\"\" class=\"wp-image-153837\"\/><figcaption class=\"wp-element-caption\">Foto: Emilio Egu\u00eda<\/figcaption><\/figure>\n\n\n\n<p>Este fen\u00f3meno se puede entender a trav\u00e9s del concepto de &#8220;industrializaci\u00f3n de la violencia&#8221;, que describe c\u00f3mo la violencia se vuelve un mecanismo sistem\u00e1tico dentro de una sociedad, al punto de integrarse en sus estructuras econ\u00f3micas, pol\u00edticas y sociales. En M\u00e9xico, esta industrializaci\u00f3n se manifiesta en redes de tr\u00e1fico de personas, desapariciones forzadas y centros de exterminio operados con una eficiencia escalofriante. La violencia deja de ser un acto aislado y se convierte en un proceso organizado, en el que la muerte es tratada como una estad\u00edstica m\u00e1s.<\/p>\n\n\n\n<p>Frente a este escenario, la pregunta es: \u00bfhasta cu\u00e1ndo se permitir\u00e1 esta normalizaci\u00f3n? La sociedad no puede seguir viendo estos cr\u00edmenes con indiferencia ni permitiendo que las conmemoraciones por las v\u00edctimas se conviertan en actos simb\u00f3licos sin impacto real. Es urgente romper con la pasividad y exigir un cambio estructural que impida que la violencia siga funcionando como una industria impune.<\/p>\n","protected":false},"excerpt":{"rendered":"<p>Por: Mart\u00edn Hern\u00e1ndez El hallazgo de un centro de exterminio en Teuchitl\u00e1n, Jalisco, ha puesto en evidencia una realidad aterradora y brutal: la desaparici\u00f3n y asesinato sistem\u00e1tico de personas en M\u00e9xico. En este lugar, identificado como el Rancho Izaguirre, se descubrieron hornos clandestinos utilizados para la cremaci\u00f3n de cuerpos, lo que sugiere un nivel de [&hellip;]<\/p>\n","protected":false},"author":1,"featured_media":15899,"comment_status":"open","ping_status":"open","sticky":false,"template":"","format":"standard","meta":{"footnotes":""},"categories":[30,24],"tags":[3498,2504,1586,287,3541,294,261,27],"class_list":{"0":"post-15898","1":"post","2":"type-post","3":"status-publish","4":"format-standard","5":"has-post-thumbnail","7":"category-de-la-region-centro","8":"category-informacion-general","9":"tag-campo-de-exterminio","10":"tag-conmemoracion","11":"tag-jalisco","12":"tag-nacional","13":"tag-opinion","14":"tag-san-luis","15":"tag-slp","16":"tag-soledad"},"_links":{"self":[{"href":"https:\/\/cronicadesoledad.com\/index.php\/wp-json\/wp\/v2\/posts\/15898","targetHints":{"allow":["GET"]}}],"collection":[{"href":"https:\/\/cronicadesoledad.com\/index.php\/wp-json\/wp\/v2\/posts"}],"about":[{"href":"https:\/\/cronicadesoledad.com\/index.php\/wp-json\/wp\/v2\/types\/post"}],"author":[{"embeddable":true,"href":"https:\/\/cronicadesoledad.com\/index.php\/wp-json\/wp\/v2\/users\/1"}],"replies":[{"embeddable":true,"href":"https:\/\/cronicadesoledad.com\/index.php\/wp-json\/wp\/v2\/comments?post=15898"}],"version-history":[{"count":1,"href":"https:\/\/cronicadesoledad.com\/index.php\/wp-json\/wp\/v2\/posts\/15898\/revisions"}],"predecessor-version":[{"id":15900,"href":"https:\/\/cronicadesoledad.com\/index.php\/wp-json\/wp\/v2\/posts\/15898\/revisions\/15900"}],"wp:featuredmedia":[{"embeddable":true,"href":"https:\/\/cronicadesoledad.com\/index.php\/wp-json\/wp\/v2\/media\/15899"}],"wp:attachment":[{"href":"https:\/\/cronicadesoledad.com\/index.php\/wp-json\/wp\/v2\/media?parent=15898"}],"wp:term":[{"taxonomy":"category","embeddable":true,"href":"https:\/\/cronicadesoledad.com\/index.php\/wp-json\/wp\/v2\/categories?post=15898"},{"taxonomy":"post_tag","embeddable":true,"href":"https:\/\/cronicadesoledad.com\/index.php\/wp-json\/wp\/v2\/tags?post=15898"}],"curies":[{"name":"wp","href":"https:\/\/api.w.org\/{rel}","templated":true}]}}