{"id":15924,"date":"2025-03-18T04:00:00","date_gmt":"2025-03-18T10:00:00","guid":{"rendered":"https:\/\/cronicadesoledad.com\/?p=15924"},"modified":"2025-03-18T00:27:12","modified_gmt":"2025-03-18T06:27:12","slug":"denuncian-a-regidor-de-morena-por-abusos","status":"publish","type":"post","link":"https:\/\/cronicadesoledad.com\/index.php\/2025\/03\/18\/denuncian-a-regidor-de-morena-por-abusos\/","title":{"rendered":"Denuncian a regidor de Morena por abusos"},"content":{"rendered":"\n<p>Un esc\u00e1ndalo amenaza la administraci\u00f3n municipal de Villa de Pozos, luego de que Isabel Grimaldo M\u00e9ndez, esposa del regidor de Morena, Efra\u00edn Hern\u00e1ndez Medina, presentara una denuncia ante la Fiscal\u00eda General de Justicia del Estado.<\/p>\n\n\n\n<p>La denuncia, que ha causado conmoci\u00f3n en la localidad, incluye graves acusaciones de maltrato f\u00edsico, emocional y amenazas, adem\u00e1s de un presunto uso indebido de influencias y recursos.<\/p>\n\n\n\n<p>Seg\u00fan el relato de Grimaldo M\u00e9ndez, la relaci\u00f3n con su esposo se deterior\u00f3 desde hace tres a\u00f1os, cuando \u00e9l comenz\u00f3 a ejercer una actitud controladora, prohibi\u00e9ndole visitar a su familia y someti\u00e9ndola a malos tratos. La situaci\u00f3n empeor\u00f3 cuando Hern\u00e1ndez Medina obtuvo un puesto como asesor en el Congreso del Estado y luego fue nombrado regidor en Villa de Pozos. En ese periodo, la se\u00f1ora Isabel comenz\u00f3 a sostener los gastos del hogar, mientras su esposo alegaba no recibir pagos de su trabajo.<\/p>\n\n\n\n<p>La denuncia tambi\u00e9n revela que el regidor pidi\u00f3 a su esposa dinero y recursos para realizar actividades pol\u00edticas, tales como la compra de juguetes y otros bienes para distribuir en las colonias, bajo la promesa de que ser\u00edan reembolsados. Sin embargo, al descubrir que su esposo ya recib\u00eda pagos de ambos cargos, Grimaldo M\u00e9ndez decidi\u00f3 confrontarlo. Seg\u00fan su testimonio, fue entonces cuando Hern\u00e1ndez Medina reaccion\u00f3 violentamente, agredi\u00e9ndola y tratando de llevarse documentos personales y pertenencias.<\/p>\n\n\n\n<p>El relato de la afectada incluye amenazas graves, con el regidor y su familia advirti\u00e9ndole que, si denunciaba los hechos o ped\u00eda el divorcio, sufrir\u00eda represalias pol\u00edticas debido a las conexiones de su esposo dentro del partido Morena. De acuerdo con Grimaldo M\u00e9ndez, Hern\u00e1ndez Medina y sus familiares utilizar\u00edan su influencia pol\u00edtica y econ\u00f3mica para obstaculizar cualquier acci\u00f3n legal en su contra.<\/p>\n\n\n\n<p>Ante la gravedad de los hechos, la se\u00f1ora Grimaldo M\u00e9ndez envi\u00f3 una carta al Gobernador del Estado, Ricardo Gallardo, solicitando su intervenci\u00f3n y apoyo para garantizar su seguridad y evitar represalias.<\/p>\n\n\n\n<p>Este caso ha generado preocupaci\u00f3n en la comunidad, ya que pone en duda la integridad de un miembro del gobierno local y plantea serias interrogantes sobre el uso de poder y recursos dentro del entorno pol\u00edtico de Villa de Pozos. Las autoridades han iniciado una investigaci\u00f3n sobre las acusaciones, mientras que la ciudadan\u00eda espera que se haga justicia.<\/p>\n","protected":false},"excerpt":{"rendered":"<p>Un esc\u00e1ndalo amenaza la administraci\u00f3n municipal de Villa de Pozos, luego de que Isabel Grimaldo M\u00e9ndez, esposa del regidor de Morena, Efra\u00edn Hern\u00e1ndez Medina, presentara una denuncia ante la Fiscal\u00eda General de Justicia del Estado. La denuncia, que ha causado conmoci\u00f3n en la localidad, incluye graves acusaciones de maltrato f\u00edsico, emocional y amenazas, adem\u00e1s de [&hellip;]<\/p>\n","protected":false},"author":2,"featured_media":15925,"comment_status":"open","ping_status":"open","sticky":false,"template":"","format":"standard","meta":{"footnotes":""},"categories":[30,1,24],"tags":[2829,3548,2239,2607,294,261,27,1068],"class_list":{"0":"post-15924","1":"post","2":"type-post","3":"status-publish","4":"format-standard","5":"has-post-thumbnail","7":"category-de-la-region-centro","8":"category-destacadas","9":"category-informacion-general","10":"tag-ayuntamiento-de-villa-de-pozos","11":"tag-efrain-hernandez","12":"tag-morena","13":"tag-regidor","14":"tag-san-luis","15":"tag-slp","16":"tag-soledad","17":"tag-villa-de-pozos"},"_links":{"self":[{"href":"https:\/\/cronicadesoledad.com\/index.php\/wp-json\/wp\/v2\/posts\/15924","targetHints":{"allow":["GET"]}}],"collection":[{"href":"https:\/\/cronicadesoledad.com\/index.php\/wp-json\/wp\/v2\/posts"}],"about":[{"href":"https:\/\/cronicadesoledad.com\/index.php\/wp-json\/wp\/v2\/types\/post"}],"author":[{"embeddable":true,"href":"https:\/\/cronicadesoledad.com\/index.php\/wp-json\/wp\/v2\/users\/2"}],"replies":[{"embeddable":true,"href":"https:\/\/cronicadesoledad.com\/index.php\/wp-json\/wp\/v2\/comments?post=15924"}],"version-history":[{"count":1,"href":"https:\/\/cronicadesoledad.com\/index.php\/wp-json\/wp\/v2\/posts\/15924\/revisions"}],"predecessor-version":[{"id":15926,"href":"https:\/\/cronicadesoledad.com\/index.php\/wp-json\/wp\/v2\/posts\/15924\/revisions\/15926"}],"wp:featuredmedia":[{"embeddable":true,"href":"https:\/\/cronicadesoledad.com\/index.php\/wp-json\/wp\/v2\/media\/15925"}],"wp:attachment":[{"href":"https:\/\/cronicadesoledad.com\/index.php\/wp-json\/wp\/v2\/media?parent=15924"}],"wp:term":[{"taxonomy":"category","embeddable":true,"href":"https:\/\/cronicadesoledad.com\/index.php\/wp-json\/wp\/v2\/categories?post=15924"},{"taxonomy":"post_tag","embeddable":true,"href":"https:\/\/cronicadesoledad.com\/index.php\/wp-json\/wp\/v2\/tags?post=15924"}],"curies":[{"name":"wp","href":"https:\/\/api.w.org\/{rel}","templated":true}]}}