{"id":15927,"date":"2025-03-18T04:10:00","date_gmt":"2025-03-18T10:10:00","guid":{"rendered":"https:\/\/cronicadesoledad.com\/?p=15927"},"modified":"2025-03-18T00:31:22","modified_gmt":"2025-03-18T06:31:22","slug":"convocan-al-iii-concurso-altar-de-dolores-2025","status":"publish","type":"post","link":"https:\/\/cronicadesoledad.com\/index.php\/2025\/03\/18\/convocan-al-iii-concurso-altar-de-dolores-2025\/","title":{"rendered":"Convocan al III Concurso &#8220;Altar de Dolores&#8221; 2025"},"content":{"rendered":"\n<p>El Gobierno del Estado de San Luis Potos\u00ed, a trav\u00e9s de la Secretar\u00eda de Cultura, invit\u00f3 a vecinos y familias de la capital, Villa de Pozos y Soledad de Graciano S\u00e1nchez a participar en el III Concurso &#8220;Altar de Dolores&#8221; 2025, una tradici\u00f3n reconocida como Patrimonio Cultural Inmaterial.<\/p>\n\n\n\n<p>El certamen, basado en una costumbre del siglo XIX vinculada a la Semana Santa, busc\u00f3 preservar los elementos simb\u00f3licos de los altares, como im\u00e1genes de la Virgen de los Dolores, naranjas agrias doradas, germinados y tapetes de manzanilla. Tambi\u00e9n se requiri\u00f3 la inclusi\u00f3n de velas, esferas de vidrio, vitroleros con aguas de sabor y aserr\u00edn te\u00f1ido, junto con fotograf\u00edas de los participantes junto a su obra.<\/p>\n\n\n\n<p>Las inscripciones estuvieron abiertas hasta el 10 de abril en las Casas de Cultura de San Miguelito, San Sebasti\u00e1n y Tlaxcala. Un jurado evalu\u00f3 los altares los d\u00edas 11 y 12 de abril, calificando creatividad, est\u00e9tica y fidelidad a la tradici\u00f3n. Los ganadores, anunciados el 14 de abril, recibieron premios de $4,000.00, $3,000.00 y $2,000.00 en una ceremonia realizada el 19 de abril en el Museo Nacional de la M\u00e1scara.<\/p>\n\n\n\n<p>Con esta iniciativa, la Secretar\u00eda de Cultura reafirm\u00f3 su compromiso con la preservaci\u00f3n del patrimonio y el fortalecimiento de las tradiciones que dan identidad a San Luis Potos\u00ed.<\/p>\n","protected":false},"excerpt":{"rendered":"<p>El Gobierno del Estado de San Luis Potos\u00ed, a trav\u00e9s de la Secretar\u00eda de Cultura, invit\u00f3 a vecinos y familias de la capital, Villa de Pozos y Soledad de Graciano S\u00e1nchez a participar en el III Concurso &#8220;Altar de Dolores&#8221; 2025, una tradici\u00f3n reconocida como Patrimonio Cultural Inmaterial. El certamen, basado en una costumbre del [&hellip;]<\/p>\n","protected":false},"author":2,"featured_media":15928,"comment_status":"open","ping_status":"open","sticky":false,"template":"","format":"standard","meta":{"footnotes":""},"categories":[30,1,24],"tags":[2922,3549,294,261,27,1068],"class_list":{"0":"post-15927","1":"post","2":"type-post","3":"status-publish","4":"format-standard","5":"has-post-thumbnail","7":"category-de-la-region-centro","8":"category-destacadas","9":"category-informacion-general","10":"tag-2922","11":"tag-altar-de-dolores","12":"tag-san-luis","13":"tag-slp","14":"tag-soledad","15":"tag-villa-de-pozos"},"_links":{"self":[{"href":"https:\/\/cronicadesoledad.com\/index.php\/wp-json\/wp\/v2\/posts\/15927","targetHints":{"allow":["GET"]}}],"collection":[{"href":"https:\/\/cronicadesoledad.com\/index.php\/wp-json\/wp\/v2\/posts"}],"about":[{"href":"https:\/\/cronicadesoledad.com\/index.php\/wp-json\/wp\/v2\/types\/post"}],"author":[{"embeddable":true,"href":"https:\/\/cronicadesoledad.com\/index.php\/wp-json\/wp\/v2\/users\/2"}],"replies":[{"embeddable":true,"href":"https:\/\/cronicadesoledad.com\/index.php\/wp-json\/wp\/v2\/comments?post=15927"}],"version-history":[{"count":1,"href":"https:\/\/cronicadesoledad.com\/index.php\/wp-json\/wp\/v2\/posts\/15927\/revisions"}],"predecessor-version":[{"id":15929,"href":"https:\/\/cronicadesoledad.com\/index.php\/wp-json\/wp\/v2\/posts\/15927\/revisions\/15929"}],"wp:featuredmedia":[{"embeddable":true,"href":"https:\/\/cronicadesoledad.com\/index.php\/wp-json\/wp\/v2\/media\/15928"}],"wp:attachment":[{"href":"https:\/\/cronicadesoledad.com\/index.php\/wp-json\/wp\/v2\/media?parent=15927"}],"wp:term":[{"taxonomy":"category","embeddable":true,"href":"https:\/\/cronicadesoledad.com\/index.php\/wp-json\/wp\/v2\/categories?post=15927"},{"taxonomy":"post_tag","embeddable":true,"href":"https:\/\/cronicadesoledad.com\/index.php\/wp-json\/wp\/v2\/tags?post=15927"}],"curies":[{"name":"wp","href":"https:\/\/api.w.org\/{rel}","templated":true}]}}