{"id":15961,"date":"2025-03-18T21:27:43","date_gmt":"2025-03-19T03:27:43","guid":{"rendered":"https:\/\/cronicadesoledad.com\/?p=15961"},"modified":"2025-03-18T23:46:15","modified_gmt":"2025-03-19T05:46:15","slug":"semana-santa-en-soledad-cultura-musica-y-aventura-te-esperan","status":"publish","type":"post","link":"https:\/\/cronicadesoledad.com\/index.php\/2025\/03\/18\/semana-santa-en-soledad-cultura-musica-y-aventura-te-esperan\/","title":{"rendered":"Semana Santa en Soledad: cultura, m\u00fasica y aventura te esperan"},"content":{"rendered":"\n<p>Con la llegada de la Semana Santa, Soledad de Graciano S\u00e1nchez se prepara para ofrecer a residentes y visitantes una experiencia inolvidable llena de eventos culturales, tur\u00edsticos y gastron\u00f3micos, impulsados por el Gobierno Municipal.<\/p>\n\n\n\n<p>La agenda para estos d\u00edas se perfila como una de las m\u00e1s atractivas en la historia reciente del municipio, con actividades para todos los gustos y edades. A continuaci\u00f3n, te contamos m\u00e1s sobre las propuestas que marcar\u00e1n esta Semana Santa en Soledad:<\/p>\n\n\n\n<p><strong>\u201cPrimavera Fest\u201d: un arranque musical \u00fanico<\/strong><br>El jueves 22 de marzo, el Teatro y Centro Cultural de Soledad se llenar\u00e1 de m\u00fasica con la realizaci\u00f3n del <strong>&#8220;Primavera Fest&#8221;<\/strong>. Este evento ofrecer\u00e1 un cartel variado que incluir\u00e1 g\u00e9neros como el blues, los corridos tumbados y la salsa, garantizando una experiencia sonora diversa para todos los asistentes. Es una cita imperdible para quienes buscan disfrutar de una noche llena de ritmo y talento local.<\/p>\n\n\n\n<p><strong>El regreso de \u201cVaselina\u201d<\/strong><br>En los primeros d\u00edas de abril, el municipio ser\u00e1 testigo del regreso de un cl\u00e1sico musical. El ic\u00f3nico espect\u00e1culo <strong>\u201cVaselina\u201d<\/strong> llegar\u00e1 a Soledad para revivir la historia de amor y amistad que marc\u00f3 generaciones. La puesta en escena promete ser una de las m\u00e1s emocionantes del a\u00f1o, con un elenco talentoso y una puesta en escena que har\u00e1 revivir a todos los fans de este musical.<\/p>\n\n\n\n<p><strong>Recorridos tur\u00edsticos por la belleza natural<\/strong><br>Para los amantes de la naturaleza, Soledad ofrecer\u00e1 una serie de <strong>recorridos tur\u00edsticos<\/strong> en lugares emblem\u00e1ticos como <strong>La Joya Honda<\/strong> y el <strong>Cerro del Chiquihuitillo<\/strong>. Estos destinos, que destacan por su belleza y tranquilidad, permitir\u00e1n a los visitantes disfrutar de paisajes espectaculares y momentos de relax en medio de la naturaleza.<\/p>\n\n\n\n<p><strong>Vive Soledad: una experiencia culinaria sin igual<\/strong><br>El proyecto <strong>\u201cVive Soledad\u201d<\/strong> no solo se enfocar\u00e1 en la cultura y la naturaleza, sino tambi\u00e9n en la gastronom\u00eda local. Con el <strong>Pasaporte Gastron\u00f3mico<\/strong>, los visitantes podr\u00e1n disfrutar de una experiencia culinaria \u00fanica en colaboraci\u00f3n con los mejores hoteles y restaurantes de la ciudad. Este pasaporte ofrecer\u00e1 la oportunidad de descubrir sabores aut\u00e9nticos y conocer la rica oferta gastron\u00f3mica de Soledad, una de las grandes joyas del estado.<\/p>\n\n\n\n<p>Soledad de Graciano S\u00e1nchez se prepara para recibir a miles de turistas y locales con una agenda de actividades que promete dejar huella. Desde conciertos, musicales, recorridos tur\u00edsticos hasta una experiencia gastron\u00f3mica sin igual, la Semana Santa 2025 ser\u00e1 una celebraci\u00f3n \u00fanica en la ciudad.<\/p>\n","protected":false},"excerpt":{"rendered":"<p>Con la llegada de la Semana Santa, Soledad de Graciano S\u00e1nchez se prepara para ofrecer a residentes y visitantes una experiencia inolvidable llena de eventos culturales, tur\u00edsticos y gastron\u00f3micos, impulsados por el Gobierno Municipal. La agenda para estos d\u00edas se perfila como una de las m\u00e1s atractivas en la historia reciente del municipio, con actividades [&hellip;]<\/p>\n","protected":false},"author":1,"featured_media":15962,"comment_status":"open","ping_status":"open","sticky":false,"template":"","format":"standard","meta":{"footnotes":""},"categories":[1,24,21],"tags":[334,1718,27],"class_list":{"0":"post-15961","1":"post","2":"type-post","3":"status-publish","4":"format-standard","5":"has-post-thumbnail","7":"category-destacadas","8":"category-informacion-general","9":"category-tu-soledad","10":"tag-cultura","11":"tag-semana-santa","12":"tag-soledad"},"_links":{"self":[{"href":"https:\/\/cronicadesoledad.com\/index.php\/wp-json\/wp\/v2\/posts\/15961","targetHints":{"allow":["GET"]}}],"collection":[{"href":"https:\/\/cronicadesoledad.com\/index.php\/wp-json\/wp\/v2\/posts"}],"about":[{"href":"https:\/\/cronicadesoledad.com\/index.php\/wp-json\/wp\/v2\/types\/post"}],"author":[{"embeddable":true,"href":"https:\/\/cronicadesoledad.com\/index.php\/wp-json\/wp\/v2\/users\/1"}],"replies":[{"embeddable":true,"href":"https:\/\/cronicadesoledad.com\/index.php\/wp-json\/wp\/v2\/comments?post=15961"}],"version-history":[{"count":1,"href":"https:\/\/cronicadesoledad.com\/index.php\/wp-json\/wp\/v2\/posts\/15961\/revisions"}],"predecessor-version":[{"id":15963,"href":"https:\/\/cronicadesoledad.com\/index.php\/wp-json\/wp\/v2\/posts\/15961\/revisions\/15963"}],"wp:featuredmedia":[{"embeddable":true,"href":"https:\/\/cronicadesoledad.com\/index.php\/wp-json\/wp\/v2\/media\/15962"}],"wp:attachment":[{"href":"https:\/\/cronicadesoledad.com\/index.php\/wp-json\/wp\/v2\/media?parent=15961"}],"wp:term":[{"taxonomy":"category","embeddable":true,"href":"https:\/\/cronicadesoledad.com\/index.php\/wp-json\/wp\/v2\/categories?post=15961"},{"taxonomy":"post_tag","embeddable":true,"href":"https:\/\/cronicadesoledad.com\/index.php\/wp-json\/wp\/v2\/tags?post=15961"}],"curies":[{"name":"wp","href":"https:\/\/api.w.org\/{rel}","templated":true}]}}