{"id":15964,"date":"2025-03-18T22:39:33","date_gmt":"2025-03-19T04:39:33","guid":{"rendered":"https:\/\/cronicadesoledad.com\/?p=15964"},"modified":"2025-03-18T23:46:21","modified_gmt":"2025-03-19T05:46:21","slug":"soledad-impulsa-el-autoempleo-y-desarrollo-personal","status":"publish","type":"post","link":"https:\/\/cronicadesoledad.com\/index.php\/2025\/03\/18\/soledad-impulsa-el-autoempleo-y-desarrollo-personal\/","title":{"rendered":"Soledad impulsa el autoempleo y desarrollo personal"},"content":{"rendered":"\n<p>El municipio de Soledad de Graciano S\u00e1nchez sigue comprometido con el bienestar y crecimiento personal de sus habitantes, ofreciendo una variedad de actividades en sus ocho Centros de Desarrollo Comunitario. Desde cursos y talleres educativos hasta actividades recreativas, deportivas y de autoempleo, el Ayuntamiento ha dise\u00f1ado estos espacios con el objetivo de proporcionar formaci\u00f3n integral y fortalecer las habilidades laborales de los soledenses.<\/p>\n\n\n\n<p>Mar\u00eda del Pilar Cardona Reyna, presidenta del DIF Municipal, resalt\u00f3 que estos centros no solo buscan el desarrollo profesional, sino tambi\u00e9n el fomento de un ambiente de esparcimiento saludable. \u201cEstos espacios est\u00e1n pensados para apoyar a las y los ciudadanos en su formaci\u00f3n personal y laboral, permitiendo que tengan acceso a actividades que contribuyan a su bienestar f\u00edsico, emocional y econ\u00f3mico\u201d, expres\u00f3 Cardona Reyna.<\/p>\n\n\n\n<p>Los Centros de Desarrollo Comunitario operan de 8 de la ma\u00f1ana a 9 de la noche, brindando flexibilidad para que los ciudadanos puedan participar en actividades que se ajusten a sus horarios. Los talleres, con una cuota m\u00ednima accesible, est\u00e1n dise\u00f1ados para ser inclusivos y atraer a personas de diversos sectores econ\u00f3micos.<\/p>\n\n\n\n<p>Entre los cursos m\u00e1s solicitados se encuentran el de corte y confecci\u00f3n, fisioterapia, reposter\u00eda, yoga y zumba. Adem\u00e1s, en el Centro de Desarrollo Comunitario &#8220;Santo Tom\u00e1s&#8221;, se han incorporado actividades especiales como la bailoterapia y el taekwondo, dirigidas al adulto mayor, para promover su salud f\u00edsica y mental.<\/p>\n\n\n\n<p>Esta oferta educativa y recreativa no solo busca mejorar las capacidades laborales de los soledenses, sino tambi\u00e9n fomentar una cultura de autogesti\u00f3n y autosuficiencia. .<\/p>\n","protected":false},"excerpt":{"rendered":"<p>El municipio de Soledad de Graciano S\u00e1nchez sigue comprometido con el bienestar y crecimiento personal de sus habitantes, ofreciendo una variedad de actividades en sus ocho Centros de Desarrollo Comunitario. Desde cursos y talleres educativos hasta actividades recreativas, deportivas y de autoempleo, el Ayuntamiento ha dise\u00f1ado estos espacios con el objetivo de proporcionar formaci\u00f3n integral [&hellip;]<\/p>\n","protected":false},"author":1,"featured_media":15965,"comment_status":"open","ping_status":"open","sticky":false,"template":"","format":"standard","meta":{"footnotes":""},"categories":[1,24,21],"tags":[27,366],"class_list":{"0":"post-15964","1":"post","2":"type-post","3":"status-publish","4":"format-standard","5":"has-post-thumbnail","7":"category-destacadas","8":"category-informacion-general","9":"category-tu-soledad","10":"tag-soledad","11":"tag-talleres"},"_links":{"self":[{"href":"https:\/\/cronicadesoledad.com\/index.php\/wp-json\/wp\/v2\/posts\/15964","targetHints":{"allow":["GET"]}}],"collection":[{"href":"https:\/\/cronicadesoledad.com\/index.php\/wp-json\/wp\/v2\/posts"}],"about":[{"href":"https:\/\/cronicadesoledad.com\/index.php\/wp-json\/wp\/v2\/types\/post"}],"author":[{"embeddable":true,"href":"https:\/\/cronicadesoledad.com\/index.php\/wp-json\/wp\/v2\/users\/1"}],"replies":[{"embeddable":true,"href":"https:\/\/cronicadesoledad.com\/index.php\/wp-json\/wp\/v2\/comments?post=15964"}],"version-history":[{"count":1,"href":"https:\/\/cronicadesoledad.com\/index.php\/wp-json\/wp\/v2\/posts\/15964\/revisions"}],"predecessor-version":[{"id":15966,"href":"https:\/\/cronicadesoledad.com\/index.php\/wp-json\/wp\/v2\/posts\/15964\/revisions\/15966"}],"wp:featuredmedia":[{"embeddable":true,"href":"https:\/\/cronicadesoledad.com\/index.php\/wp-json\/wp\/v2\/media\/15965"}],"wp:attachment":[{"href":"https:\/\/cronicadesoledad.com\/index.php\/wp-json\/wp\/v2\/media?parent=15964"}],"wp:term":[{"taxonomy":"category","embeddable":true,"href":"https:\/\/cronicadesoledad.com\/index.php\/wp-json\/wp\/v2\/categories?post=15964"},{"taxonomy":"post_tag","embeddable":true,"href":"https:\/\/cronicadesoledad.com\/index.php\/wp-json\/wp\/v2\/tags?post=15964"}],"curies":[{"name":"wp","href":"https:\/\/api.w.org\/{rel}","templated":true}]}}