{"id":15971,"date":"2025-03-19T13:17:19","date_gmt":"2025-03-19T19:17:19","guid":{"rendered":"https:\/\/cronicadesoledad.com\/?p=15971"},"modified":"2025-03-19T13:17:19","modified_gmt":"2025-03-19T19:17:19","slug":"gobierno-inicia-trabajos-de-rehabilitacion-por-hundimiento-en-calle-parrodi","status":"publish","type":"post","link":"https:\/\/cronicadesoledad.com\/index.php\/2025\/03\/19\/gobierno-inicia-trabajos-de-rehabilitacion-por-hundimiento-en-calle-parrodi\/","title":{"rendered":"Gobierno inicia trabajos de rehabilitaci\u00f3n por hundimiento en calle Parrodi"},"content":{"rendered":"\n<p>El Gobierno Municipal de San Luis Potos\u00ed, a trav\u00e9s de la Direcci\u00f3n de Obras P\u00fablicas y la Unidad de Gesti\u00f3n del Centro Hist\u00f3rico, inici\u00f3 los trabajos de rehabilitaci\u00f3n por un hundimiento de adoquines en la calle Parrodi, en el barrio de San Sebasti\u00e1n, que desemboca en la Alameda Juan Sarabia. Hasta el momento, no se ten\u00edan registros de reportes ciudadanos ni folios programados dentro del Programa de Bacheo Emergente, por lo que las cuadrillas de trabajadores acudieron de inmediato para evaluar la situaci\u00f3n.<\/p>\n\n\n\n<p>Como parte de las acciones iniciales, se despleg\u00f3 maquinaria especializada, incluyendo una retroexcavadora, para realizar estudios, delimitar el \u00e1rea afectada y definir el plan de intervenci\u00f3n. Para garantizar la seguridad de peatones y automovilistas, ser\u00e1 realiza un cierre temporal a la circulaci\u00f3n en la calle Parrodi en el tramo comprendido entre Mariano Abasolo y la avenida Universidad. Se recomienda tomar precauciones y utilizar rutas alternas.<\/p>\n\n\n\n<p>El Gobierno de la Capital reafirma su compromiso con la conservaci\u00f3n del Centro Hist\u00f3rico y la seguridad de la infraestructura vial, actuando con prontitud para atender cualquier eventualidad que afecte la movilidad y el patrimonio de la ciudad.<\/p>\n","protected":false},"excerpt":{"rendered":"<p>El Gobierno Municipal de San Luis Potos\u00ed, a trav\u00e9s de la Direcci\u00f3n de Obras P\u00fablicas y la Unidad de Gesti\u00f3n del Centro Hist\u00f3rico, inici\u00f3 los trabajos de rehabilitaci\u00f3n por un hundimiento de adoquines en la calle Parrodi, en el barrio de San Sebasti\u00e1n, que desemboca en la Alameda Juan Sarabia. Hasta el momento, no se [&hellip;]<\/p>\n","protected":false},"author":1,"featured_media":15972,"comment_status":"open","ping_status":"open","sticky":false,"template":"","format":"standard","meta":{"footnotes":""},"categories":[30,24,3163,3080],"tags":[3560,3559,2942,294,261,27],"class_list":{"0":"post-15971","1":"post","2":"type-post","3":"status-publish","4":"format-standard","5":"has-post-thumbnail","7":"category-de-la-region-centro","8":"category-informacion-general","9":"category-san-luis-potosi","10":"category-slp","11":"tag-calle-parrodi","12":"tag-hundimiento","13":"tag-rehabilitacion-2","14":"tag-san-luis","15":"tag-slp","16":"tag-soledad"},"_links":{"self":[{"href":"https:\/\/cronicadesoledad.com\/index.php\/wp-json\/wp\/v2\/posts\/15971","targetHints":{"allow":["GET"]}}],"collection":[{"href":"https:\/\/cronicadesoledad.com\/index.php\/wp-json\/wp\/v2\/posts"}],"about":[{"href":"https:\/\/cronicadesoledad.com\/index.php\/wp-json\/wp\/v2\/types\/post"}],"author":[{"embeddable":true,"href":"https:\/\/cronicadesoledad.com\/index.php\/wp-json\/wp\/v2\/users\/1"}],"replies":[{"embeddable":true,"href":"https:\/\/cronicadesoledad.com\/index.php\/wp-json\/wp\/v2\/comments?post=15971"}],"version-history":[{"count":1,"href":"https:\/\/cronicadesoledad.com\/index.php\/wp-json\/wp\/v2\/posts\/15971\/revisions"}],"predecessor-version":[{"id":15980,"href":"https:\/\/cronicadesoledad.com\/index.php\/wp-json\/wp\/v2\/posts\/15971\/revisions\/15980"}],"wp:featuredmedia":[{"embeddable":true,"href":"https:\/\/cronicadesoledad.com\/index.php\/wp-json\/wp\/v2\/media\/15972"}],"wp:attachment":[{"href":"https:\/\/cronicadesoledad.com\/index.php\/wp-json\/wp\/v2\/media?parent=15971"}],"wp:term":[{"taxonomy":"category","embeddable":true,"href":"https:\/\/cronicadesoledad.com\/index.php\/wp-json\/wp\/v2\/categories?post=15971"},{"taxonomy":"post_tag","embeddable":true,"href":"https:\/\/cronicadesoledad.com\/index.php\/wp-json\/wp\/v2\/tags?post=15971"}],"curies":[{"name":"wp","href":"https:\/\/api.w.org\/{rel}","templated":true}]}}