{"id":15990,"date":"2025-03-19T15:45:00","date_gmt":"2025-03-19T21:45:00","guid":{"rendered":"https:\/\/cronicadesoledad.com\/?p=15990"},"modified":"2025-03-19T15:09:12","modified_gmt":"2025-03-19T21:09:12","slug":"proteccion-civil-atendio-incendio-en-laguna-de-santa-rita","status":"publish","type":"post","link":"https:\/\/cronicadesoledad.com\/index.php\/2025\/03\/19\/proteccion-civil-atendio-incendio-en-laguna-de-santa-rita\/","title":{"rendered":"Protecci\u00f3n Civil Atendi\u00f3 Incendio en Laguna de Santa Rita"},"content":{"rendered":"\n<p>Protecci\u00f3n Civil Municipal de Villa de Pozos respondi\u00f3 de manera r\u00e1pida y eficaz a un incendio reportado en la zona de Laguna de Santa Rita, en el cruce de T\u00e9rmino y Venustiano Carranza.<\/p>\n\n\n\n<p>El incidente fue controlado sin que se registraran da\u00f1os significativos, gracias al trabajo coordinado de los equipos de emergencia.<\/p>\n\n\n\n<p>Se hace un llamado a la comunidad para continuar reportando cualquier incidente al 911 o al n\u00famero 4448 09 25 48, con el fin de mantener la seguridad y proteger el entorno.<\/p>\n","protected":false},"excerpt":{"rendered":"<p>Protecci\u00f3n Civil Municipal de Villa de Pozos respondi\u00f3 de manera r\u00e1pida y eficaz a un incendio reportado en la zona de Laguna de Santa Rita, en el cruce de T\u00e9rmino y Venustiano Carranza. El incidente fue controlado sin que se registraran da\u00f1os significativos, gracias al trabajo coordinado de los equipos de emergencia. Se hace un [&hellip;]<\/p>\n","protected":false},"author":1,"featured_media":15991,"comment_status":"open","ping_status":"open","sticky":false,"template":"","format":"standard","meta":{"footnotes":""},"categories":[24,3175],"tags":[1313,3563,294,261,1068],"class_list":{"0":"post-15990","1":"post","2":"type-post","3":"status-publish","4":"format-standard","5":"has-post-thumbnail","7":"category-informacion-general","8":"category-pozos","9":"tag-incendio","10":"tag-laguna-de-santa-rita","11":"tag-san-luis","12":"tag-slp","13":"tag-villa-de-pozos"},"_links":{"self":[{"href":"https:\/\/cronicadesoledad.com\/index.php\/wp-json\/wp\/v2\/posts\/15990","targetHints":{"allow":["GET"]}}],"collection":[{"href":"https:\/\/cronicadesoledad.com\/index.php\/wp-json\/wp\/v2\/posts"}],"about":[{"href":"https:\/\/cronicadesoledad.com\/index.php\/wp-json\/wp\/v2\/types\/post"}],"author":[{"embeddable":true,"href":"https:\/\/cronicadesoledad.com\/index.php\/wp-json\/wp\/v2\/users\/1"}],"replies":[{"embeddable":true,"href":"https:\/\/cronicadesoledad.com\/index.php\/wp-json\/wp\/v2\/comments?post=15990"}],"version-history":[{"count":2,"href":"https:\/\/cronicadesoledad.com\/index.php\/wp-json\/wp\/v2\/posts\/15990\/revisions"}],"predecessor-version":[{"id":15993,"href":"https:\/\/cronicadesoledad.com\/index.php\/wp-json\/wp\/v2\/posts\/15990\/revisions\/15993"}],"wp:featuredmedia":[{"embeddable":true,"href":"https:\/\/cronicadesoledad.com\/index.php\/wp-json\/wp\/v2\/media\/15991"}],"wp:attachment":[{"href":"https:\/\/cronicadesoledad.com\/index.php\/wp-json\/wp\/v2\/media?parent=15990"}],"wp:term":[{"taxonomy":"category","embeddable":true,"href":"https:\/\/cronicadesoledad.com\/index.php\/wp-json\/wp\/v2\/categories?post=15990"},{"taxonomy":"post_tag","embeddable":true,"href":"https:\/\/cronicadesoledad.com\/index.php\/wp-json\/wp\/v2\/tags?post=15990"}],"curies":[{"name":"wp","href":"https:\/\/api.w.org\/{rel}","templated":true}]}}