{"id":15994,"date":"2025-03-19T16:30:00","date_gmt":"2025-03-19T22:30:00","guid":{"rendered":"https:\/\/cronicadesoledad.com\/?p=15994"},"modified":"2025-03-19T22:04:58","modified_gmt":"2025-03-20T04:04:58","slug":"villa-de-pozos-celebra-la-procesion-de-los-cristos","status":"publish","type":"post","link":"https:\/\/cronicadesoledad.com\/index.php\/2025\/03\/19\/villa-de-pozos-celebra-la-procesion-de-los-cristos\/","title":{"rendered":"Villa de Pozos celebra la Procesi\u00f3n de los Cristos"},"content":{"rendered":"\n<p>El Gobierno Municipal de Villa de Pozos, encabezado por la Presidenta Concejal Teresa Rivera Acevedo, ha confirmado la realizaci\u00f3n de la tradicional Procesi\u00f3n de los Cristos, que se celebrar\u00e1 el pr\u00f3ximo 18 de abril como parte de las actividades religiosas en Semana Santa.<\/p>\n\n\n\n<p>Este evento, que tiene una historia de m\u00e1s de 120 a\u00f1os, es considerado uno de los m\u00e1s importantes de la regi\u00f3n. Cada a\u00f1o, miles de fieles y visitantes se re\u00fanen en la comunidad para participar en esta emblem\u00e1tica festividad, que simboliza la devoci\u00f3n religiosa y la cultura local de Villa de Pozos.<\/p>\n\n\n\n<p>La Presidenta Rivera Acevedo subray\u00f3 la importancia de la procesi\u00f3n no solo para los habitantes del municipio, sino tambi\u00e9n para todo el estado de San Luis Potos\u00ed. En esta edici\u00f3n, se espera que m\u00e1s personas de otras localidades asistan, lo que fortalecer\u00e1 la identidad cultural y religiosa del municipio.<\/p>\n\n\n\n<p>Asimismo, la administraci\u00f3n municipal trabaja en la implementaci\u00f3n de un plan de seguridad y vialidad para asegurar que tanto la procesi\u00f3n como las actividades culturales y deportivas programadas para la Semana Santa se desarrollen sin contratiempos.<\/p>\n\n\n\n<p>Por \u00faltimo, Teresa Rivera Acevedo reiter\u00f3 su compromiso con la comunidad, asegurando que se seguir\u00e1n impulsando las tradiciones locales, destacando la Procesi\u00f3n de los Cristos como una de las celebraciones m\u00e1s representativas de Villa de Pozos.<\/p>\n","protected":false},"excerpt":{"rendered":"<p>El Gobierno Municipal de Villa de Pozos, encabezado por la Presidenta Concejal Teresa Rivera Acevedo, ha confirmado la realizaci\u00f3n de la tradicional Procesi\u00f3n de los Cristos, que se celebrar\u00e1 el pr\u00f3ximo 18 de abril como parte de las actividades religiosas en Semana Santa. Este evento, que tiene una historia de m\u00e1s de 120 a\u00f1os, es [&hellip;]<\/p>\n","protected":false},"author":1,"featured_media":15995,"comment_status":"open","ping_status":"open","sticky":false,"template":"","format":"standard","meta":{"footnotes":""},"categories":[3171,24,3175],"tags":[334,3564,294,261,1068],"class_list":{"0":"post-15994","1":"post","2":"type-post","3":"status-publish","4":"format-standard","5":"has-post-thumbnail","7":"category-cultura","8":"category-informacion-general","9":"category-pozos","10":"tag-cultura","11":"tag-procesion-de-los-cristos","12":"tag-san-luis","13":"tag-slp","14":"tag-villa-de-pozos"},"_links":{"self":[{"href":"https:\/\/cronicadesoledad.com\/index.php\/wp-json\/wp\/v2\/posts\/15994","targetHints":{"allow":["GET"]}}],"collection":[{"href":"https:\/\/cronicadesoledad.com\/index.php\/wp-json\/wp\/v2\/posts"}],"about":[{"href":"https:\/\/cronicadesoledad.com\/index.php\/wp-json\/wp\/v2\/types\/post"}],"author":[{"embeddable":true,"href":"https:\/\/cronicadesoledad.com\/index.php\/wp-json\/wp\/v2\/users\/1"}],"replies":[{"embeddable":true,"href":"https:\/\/cronicadesoledad.com\/index.php\/wp-json\/wp\/v2\/comments?post=15994"}],"version-history":[{"count":2,"href":"https:\/\/cronicadesoledad.com\/index.php\/wp-json\/wp\/v2\/posts\/15994\/revisions"}],"predecessor-version":[{"id":15997,"href":"https:\/\/cronicadesoledad.com\/index.php\/wp-json\/wp\/v2\/posts\/15994\/revisions\/15997"}],"wp:featuredmedia":[{"embeddable":true,"href":"https:\/\/cronicadesoledad.com\/index.php\/wp-json\/wp\/v2\/media\/15995"}],"wp:attachment":[{"href":"https:\/\/cronicadesoledad.com\/index.php\/wp-json\/wp\/v2\/media?parent=15994"}],"wp:term":[{"taxonomy":"category","embeddable":true,"href":"https:\/\/cronicadesoledad.com\/index.php\/wp-json\/wp\/v2\/categories?post=15994"},{"taxonomy":"post_tag","embeddable":true,"href":"https:\/\/cronicadesoledad.com\/index.php\/wp-json\/wp\/v2\/tags?post=15994"}],"curies":[{"name":"wp","href":"https:\/\/api.w.org\/{rel}","templated":true}]}}