{"id":16001,"date":"2025-03-19T22:09:54","date_gmt":"2025-03-20T04:09:54","guid":{"rendered":"https:\/\/cronicadesoledad.com\/?p=16001"},"modified":"2025-03-19T22:09:54","modified_gmt":"2025-03-20T04:09:54","slug":"mejoran-la-unidad-deportiva-21-de-marzo-para-el-regreso-de-la-copa-gallardo","status":"publish","type":"post","link":"https:\/\/cronicadesoledad.com\/index.php\/2025\/03\/19\/mejoran-la-unidad-deportiva-21-de-marzo-para-el-regreso-de-la-copa-gallardo\/","title":{"rendered":"Mejoran la unidad deportiva \u201c21 de Marzo\u201d, para el regreso de la Copa Gallardo"},"content":{"rendered":"\n<p>De cara al regreso del torneo de f\u00fatbol, Copa Gallardo, el Ayuntamiento de Soledad de Graciano S\u00e1nchez trabaja en un programa intenso de rehabilitaci\u00f3n en la Unidad Deportiva \u201c21 de Marzo\u201d en la colonia San Antonio, con el objetivo de ofrecer condiciones \u00f3ptimas para el desarrollo de este esperada competencia, en el marco de la Feria Nacional de la Enchilada (FENAE) 2025.<\/p>\n\n\n\n<p>Luis Fernando Ba\u00f1uelos Garc\u00eda, encargado de la Unidad Deportiva, destac\u00f3 que desde el inicio de la actual administraci\u00f3n se han llevado a cabo diversas acciones para asegurar que la ciudadan\u00eda cuente con espacios adecuados para ejercitarse de forma saludable. El centro deportivo es uno de los m\u00e1s grandes con los que cuenta el municipio, cuenta con cinco canchas, y los resultados de estos trabajos de transformaci\u00f3n son visibles.<\/p>\n\n\n\n<p>En este sentido, Ba\u00f1uelos Garc\u00eda enfatiz\u00f3 que estas iniciativas son parte de una instrucci\u00f3n directa del Alcalde, Juan Manuel Navarro Mu\u00f1iz, para acercar a las familias espacios dignos para la actividad f\u00edsica y promover el deporte como estilo de vida saludable entre la juventud.<\/p>\n\n\n\n<p>En el marco de los trabajos actuales, detall\u00f3 que se ha completado hasta un 70 por ciento del proceso de desmalezado en toda la Unidad. Asimismo, se han llevado a cabo labores de plantaci\u00f3n de pasto en \u00e1reas clave que abarcan un total cercano a los 95 metros cuadrados.<\/p>\n\n\n\n<p>Especific\u00f3 que los campos dos, tres y cuatro est\u00e1n actualmente en proceso de nivelaci\u00f3n, mientras que se ejecuta una limpieza general de las instalaciones y el pintado de las gradas en campo 1 -el m\u00e1s extenso-, asegurando que todos los detalles se atiendan antes del evento.<\/p>\n\n\n\n<p>\u201cEstamos trabajando intensamente, sabiendo que algunos partidos importantes de la Copa Gallardo se llevar\u00e1n a cabo en menos de un mes. Terminaremos estas labores en los pr\u00f3ximos d\u00edas y esta Unidad estar\u00e1 completamente lista para el gran evento deportivo\u201d, asegur\u00f3 Ba\u00f1uelos.<\/p>\n\n\n\n<p>Con estas mejoras, el Ayuntamiento reafirma su compromiso con el deporte y la recreaci\u00f3n, brindando a las y los ciudadanos un lugar adecuado para disfrutar de actividades deportivas y de esparcimiento, en un ambiente seguro y de calidad y con el cual la Copa Gallardo promete ser un evento memorable para el municipio.<\/p>\n","protected":false},"excerpt":{"rendered":"<p>De cara al regreso del torneo de f\u00fatbol, Copa Gallardo, el Ayuntamiento de Soledad de Graciano S\u00e1nchez trabaja en un programa intenso de rehabilitaci\u00f3n en la Unidad Deportiva \u201c21 de Marzo\u201d en la colonia San Antonio, con el objetivo de ofrecer condiciones \u00f3ptimas para el desarrollo de este esperada competencia, en el marco de la [&hellip;]<\/p>\n","protected":false},"author":2,"featured_media":16002,"comment_status":"open","ping_status":"open","sticky":false,"template":"","format":"standard","meta":{"footnotes":""},"categories":[20,1,24],"tags":[223,3565,321,271,294,261,27,3390],"class_list":{"0":"post-16001","1":"post","2":"type-post","3":"status-publish","4":"format-standard","5":"has-post-thumbnail","7":"category-cronica-deportiva","8":"category-destacadas","9":"category-informacion-general","10":"tag-ayuntamiento-soledense","11":"tag-copa-gallardo","12":"tag-cronica-deportiva","13":"tag-deporte","14":"tag-san-luis","15":"tag-slp","16":"tag-soledad","17":"tag-unidad-deportiva-21-de-marzo"},"_links":{"self":[{"href":"https:\/\/cronicadesoledad.com\/index.php\/wp-json\/wp\/v2\/posts\/16001","targetHints":{"allow":["GET"]}}],"collection":[{"href":"https:\/\/cronicadesoledad.com\/index.php\/wp-json\/wp\/v2\/posts"}],"about":[{"href":"https:\/\/cronicadesoledad.com\/index.php\/wp-json\/wp\/v2\/types\/post"}],"author":[{"embeddable":true,"href":"https:\/\/cronicadesoledad.com\/index.php\/wp-json\/wp\/v2\/users\/2"}],"replies":[{"embeddable":true,"href":"https:\/\/cronicadesoledad.com\/index.php\/wp-json\/wp\/v2\/comments?post=16001"}],"version-history":[{"count":1,"href":"https:\/\/cronicadesoledad.com\/index.php\/wp-json\/wp\/v2\/posts\/16001\/revisions"}],"predecessor-version":[{"id":16003,"href":"https:\/\/cronicadesoledad.com\/index.php\/wp-json\/wp\/v2\/posts\/16001\/revisions\/16003"}],"wp:featuredmedia":[{"embeddable":true,"href":"https:\/\/cronicadesoledad.com\/index.php\/wp-json\/wp\/v2\/media\/16002"}],"wp:attachment":[{"href":"https:\/\/cronicadesoledad.com\/index.php\/wp-json\/wp\/v2\/media?parent=16001"}],"wp:term":[{"taxonomy":"category","embeddable":true,"href":"https:\/\/cronicadesoledad.com\/index.php\/wp-json\/wp\/v2\/categories?post=16001"},{"taxonomy":"post_tag","embeddable":true,"href":"https:\/\/cronicadesoledad.com\/index.php\/wp-json\/wp\/v2\/tags?post=16001"}],"curies":[{"name":"wp","href":"https:\/\/api.w.org\/{rel}","templated":true}]}}