{"id":16004,"date":"2025-03-19T22:12:19","date_gmt":"2025-03-20T04:12:19","guid":{"rendered":"https:\/\/cronicadesoledad.com\/?p=16004"},"modified":"2025-03-19T22:12:19","modified_gmt":"2025-03-20T04:12:19","slug":"pc-municipal-combate-incendio-forestal-en-libramiento-oriente","status":"publish","type":"post","link":"https:\/\/cronicadesoledad.com\/index.php\/2025\/03\/19\/pc-municipal-combate-incendio-forestal-en-libramiento-oriente\/","title":{"rendered":"PC Municipal combate incendio forestal en libramiento oriente\u00a0"},"content":{"rendered":"\n<p>Personal de Protecci\u00f3n Civil Municipal de Soledad de Graciano S\u00e1nchez, trabaja en el combate de un incendio forestal que se registra en el libramiento oriente, a la altura de la localidad C\u00e1ndido Navarro.<\/p>\n\n\n\n<p>Al menos 8 personas de la Coordinaci\u00f3n municipal accionan labores con herramientas, para extinguir este incendio y evitar que se expanda, asegurando el control de este y el bienestar de la poblaci\u00f3n y automovilistas.<\/p>\n\n\n\n<p>Se estar\u00e1 trabajando en el lugar hasta lograr extinguir este siniestro, del cual a\u00fan se desconocen las causas. Por instrucci\u00f3n del Alcalde, Juan Manuel Navarro, se mantiene una alerta permanente por el registro de incendios en el municipio.<\/p>\n\n\n\n<p>Sin embargo, se pide a la poblaci\u00f3n ser coadyuvantes y reportar de inmediato al tel\u00e9fono: 444 831 12 60, cualquier incidente de este tipo, con la finalidad de actuar de inmediato y evitar da\u00f1os mayores.<\/p>\n\n\n\n<p>Asimismo, se pide a la ciudadan\u00eda no arrojar colillas de cigarros, vidrios o material inflamable en predios de pastizales o bald\u00edos, ya que el efecto lupa por las altas temperaturas facilitan que se originen incendios.<\/p>\n","protected":false},"excerpt":{"rendered":"<p>Personal de Protecci\u00f3n Civil Municipal de Soledad de Graciano S\u00e1nchez, trabaja en el combate de un incendio forestal que se registra en el libramiento oriente, a la altura de la localidad C\u00e1ndido Navarro. Al menos 8 personas de la Coordinaci\u00f3n municipal accionan labores con herramientas, para extinguir este incendio y evitar que se expanda, asegurando [&hellip;]<\/p>\n","protected":false},"author":2,"featured_media":16005,"comment_status":"open","ping_status":"open","sticky":false,"template":"","format":"standard","meta":{"footnotes":""},"categories":[24,19,21],"tags":[223,3566,1878,294,276,261,27],"class_list":{"0":"post-16004","1":"post","2":"type-post","3":"status-publish","4":"format-standard","5":"has-post-thumbnail","7":"category-informacion-general","8":"category-seguridad","9":"category-tu-soledad","10":"tag-ayuntamiento-soledense","11":"tag-libramiento-oriente","12":"tag-proteccion-civil-2","13":"tag-san-luis","14":"tag-seguridad","15":"tag-slp","16":"tag-soledad"},"_links":{"self":[{"href":"https:\/\/cronicadesoledad.com\/index.php\/wp-json\/wp\/v2\/posts\/16004","targetHints":{"allow":["GET"]}}],"collection":[{"href":"https:\/\/cronicadesoledad.com\/index.php\/wp-json\/wp\/v2\/posts"}],"about":[{"href":"https:\/\/cronicadesoledad.com\/index.php\/wp-json\/wp\/v2\/types\/post"}],"author":[{"embeddable":true,"href":"https:\/\/cronicadesoledad.com\/index.php\/wp-json\/wp\/v2\/users\/2"}],"replies":[{"embeddable":true,"href":"https:\/\/cronicadesoledad.com\/index.php\/wp-json\/wp\/v2\/comments?post=16004"}],"version-history":[{"count":1,"href":"https:\/\/cronicadesoledad.com\/index.php\/wp-json\/wp\/v2\/posts\/16004\/revisions"}],"predecessor-version":[{"id":16006,"href":"https:\/\/cronicadesoledad.com\/index.php\/wp-json\/wp\/v2\/posts\/16004\/revisions\/16006"}],"wp:featuredmedia":[{"embeddable":true,"href":"https:\/\/cronicadesoledad.com\/index.php\/wp-json\/wp\/v2\/media\/16005"}],"wp:attachment":[{"href":"https:\/\/cronicadesoledad.com\/index.php\/wp-json\/wp\/v2\/media?parent=16004"}],"wp:term":[{"taxonomy":"category","embeddable":true,"href":"https:\/\/cronicadesoledad.com\/index.php\/wp-json\/wp\/v2\/categories?post=16004"},{"taxonomy":"post_tag","embeddable":true,"href":"https:\/\/cronicadesoledad.com\/index.php\/wp-json\/wp\/v2\/tags?post=16004"}],"curies":[{"name":"wp","href":"https:\/\/api.w.org\/{rel}","templated":true}]}}