{"id":16025,"date":"2025-03-20T13:44:55","date_gmt":"2025-03-20T19:44:55","guid":{"rendered":"https:\/\/cronicadesoledad.com\/?p=16025"},"modified":"2025-03-20T13:44:55","modified_gmt":"2025-03-20T19:44:55","slug":"suspension-en-la-universidad-de-matehuala-causa-incertidumbre","status":"publish","type":"post","link":"https:\/\/cronicadesoledad.com\/index.php\/2025\/03\/20\/suspension-en-la-universidad-de-matehuala-causa-incertidumbre\/","title":{"rendered":"Suspensi\u00f3n en la Universidad de Matehuala causa incertidumbre"},"content":{"rendered":"\n<p>La colocaci\u00f3n de sellos de suspensi\u00f3n en la Universidad de Matehuala la ma\u00f1ana de este mi\u00e9rcoles 19 de marzo gener\u00f3 preocupaci\u00f3n entre estudiantes y docentes. Sin embargo, la instituci\u00f3n aclar\u00f3 que la medida responde a un asunto administrativo y no afecta la calidad educativa ni la continuidad de las actividades acad\u00e9micas.<\/p>\n\n\n\n<p>De acuerdo con el comunicado oficial, la suspensi\u00f3n est\u00e1 relacionada con un proceso administrativo vinculado a la mejora de sus instalaciones. La universidad explic\u00f3 que la situaci\u00f3n se debe a una omisi\u00f3n en la notificaci\u00f3n de cambios en sus nuevas instalaciones, un tema que, aseguran, es una responsabilidad compartida con la Secretar\u00eda de Educaci\u00f3n del Gobierno del Estado (SEGE).<\/p>\n\n\n\n<p>La instituci\u00f3n se\u00f1al\u00f3 que ofrecieron resolver el inconveniente hace 10 d\u00edas, pero hasta ahora no han recibido respuesta de las autoridades. En respuesta a la incertidumbre generada, anunciaron que ofrecer\u00e1n una rueda de prensa a las 17:00 horas en el auditorio de la universidad para aclarar los detalles de la situaci\u00f3n.<\/p>\n\n\n\n<p>Pese a los sellos de suspensi\u00f3n, la universidad asegur\u00f3 que las clases y actividades acad\u00e9micas continuar\u00e1n de manera normal. Adem\u00e1s, en su mensaje rechazaron lo que calificaron como una \u201cpol\u00edtica de agresi\u00f3n\u201d en su contra, sin dar m\u00e1s detalles sobre esta afirmaci\u00f3n.<\/p>\n","protected":false},"excerpt":{"rendered":"<p>La colocaci\u00f3n de sellos de suspensi\u00f3n en la Universidad de Matehuala la ma\u00f1ana de este mi\u00e9rcoles 19 de marzo gener\u00f3 preocupaci\u00f3n entre estudiantes y docentes. Sin embargo, la instituci\u00f3n aclar\u00f3 que la medida responde a un asunto administrativo y no afecta la calidad educativa ni la continuidad de las actividades acad\u00e9micas. De acuerdo con el [&hellip;]<\/p>\n","protected":false},"author":1,"featured_media":16026,"comment_status":"open","ping_status":"open","sticky":false,"template":"","format":"standard","meta":{"footnotes":""},"categories":[1,3240,24],"tags":[313,294,945,27,3572],"class_list":{"0":"post-16025","1":"post","2":"type-post","3":"status-publish","4":"format-standard","5":"has-post-thumbnail","7":"category-destacadas","8":"category-educacion","9":"category-informacion-general","10":"tag-matehuala","11":"tag-san-luis","12":"tag-sege","13":"tag-soledad","14":"tag-universidad-de-matehuala"},"_links":{"self":[{"href":"https:\/\/cronicadesoledad.com\/index.php\/wp-json\/wp\/v2\/posts\/16025","targetHints":{"allow":["GET"]}}],"collection":[{"href":"https:\/\/cronicadesoledad.com\/index.php\/wp-json\/wp\/v2\/posts"}],"about":[{"href":"https:\/\/cronicadesoledad.com\/index.php\/wp-json\/wp\/v2\/types\/post"}],"author":[{"embeddable":true,"href":"https:\/\/cronicadesoledad.com\/index.php\/wp-json\/wp\/v2\/users\/1"}],"replies":[{"embeddable":true,"href":"https:\/\/cronicadesoledad.com\/index.php\/wp-json\/wp\/v2\/comments?post=16025"}],"version-history":[{"count":1,"href":"https:\/\/cronicadesoledad.com\/index.php\/wp-json\/wp\/v2\/posts\/16025\/revisions"}],"predecessor-version":[{"id":16028,"href":"https:\/\/cronicadesoledad.com\/index.php\/wp-json\/wp\/v2\/posts\/16025\/revisions\/16028"}],"wp:featuredmedia":[{"embeddable":true,"href":"https:\/\/cronicadesoledad.com\/index.php\/wp-json\/wp\/v2\/media\/16026"}],"wp:attachment":[{"href":"https:\/\/cronicadesoledad.com\/index.php\/wp-json\/wp\/v2\/media?parent=16025"}],"wp:term":[{"taxonomy":"category","embeddable":true,"href":"https:\/\/cronicadesoledad.com\/index.php\/wp-json\/wp\/v2\/categories?post=16025"},{"taxonomy":"post_tag","embeddable":true,"href":"https:\/\/cronicadesoledad.com\/index.php\/wp-json\/wp\/v2\/tags?post=16025"}],"curies":[{"name":"wp","href":"https:\/\/api.w.org\/{rel}","templated":true}]}}