{"id":16029,"date":"2025-03-20T15:00:00","date_gmt":"2025-03-20T21:00:00","guid":{"rendered":"https:\/\/cronicadesoledad.com\/?p=16029"},"modified":"2025-03-20T14:02:22","modified_gmt":"2025-03-20T20:02:22","slug":"consejo-consultivo-potosi-integra-a-su-primera-mujer-empresaria","status":"publish","type":"post","link":"https:\/\/cronicadesoledad.com\/index.php\/2025\/03\/20\/consejo-consultivo-potosi-integra-a-su-primera-mujer-empresaria\/","title":{"rendered":"Consejo Consultivo Potos\u00ed integra a su primera mujer empresaria"},"content":{"rendered":"\n<p>En su primera sesi\u00f3n del a\u00f1o, el Consejo Consultivo Potos\u00ed llev\u00f3 a cabo una reestructuraci\u00f3n con la incorporaci\u00f3n de Carmenchu Torres Vilet como representante de la Alianza Empresarial. Es la primera vez que una empresaria se suma a este organismo, marcando un cambio en su composici\u00f3n.<\/p>\n\n\n\n<p>La reuni\u00f3n, encabezada por el gobernador Ricardo Gallardo Cardona, sirvi\u00f3 tambi\u00e9n para revisar avances en proyectos de infraestructura, como la v\u00eda alterna poniente, la modernizaci\u00f3n del bulevar R\u00edo Santiago y la construcci\u00f3n del puente Circuito Potos\u00ed &#8211; bulevar Valle de los Fantasmas. Adem\u00e1s, se discutieron las propuestas de obra para 2025 y se confirm\u00f3 una inversi\u00f3n privada de 200 millones de d\u00f3lares en el estado.<\/p>\n\n\n\n<p>Torres Vilet destac\u00f3 que su participaci\u00f3n buscar\u00e1 fortalecer la colaboraci\u00f3n entre el sector empresarial y el gobierno. En la sesi\u00f3n estuvieron presentes funcionarios estatales y empresarios como Vicente Rangel Mancilla, Jacobo Pay\u00e1n Espinosa y Juan Carlos Valladares, quienes analizaron las oportunidades de crecimiento para San Luis Potos\u00ed.<\/p>\n","protected":false},"excerpt":{"rendered":"<p>En su primera sesi\u00f3n del a\u00f1o, el Consejo Consultivo Potos\u00ed llev\u00f3 a cabo una reestructuraci\u00f3n con la incorporaci\u00f3n de Carmenchu Torres Vilet como representante de la Alianza Empresarial. Es la primera vez que una empresaria se suma a este organismo, marcando un cambio en su composici\u00f3n. La reuni\u00f3n, encabezada por el gobernador Ricardo Gallardo Cardona, [&hellip;]<\/p>\n","protected":false},"author":1,"featured_media":16030,"comment_status":"open","ping_status":"open","sticky":false,"template":"","format":"standard","meta":{"footnotes":""},"categories":[30,24,3163,3080],"tags":[3451,1606,177,294,261,27],"class_list":{"0":"post-16029","1":"post","2":"type-post","3":"status-publish","4":"format-standard","5":"has-post-thumbnail","7":"category-de-la-region-centro","8":"category-informacion-general","9":"category-san-luis-potosi","10":"category-slp","11":"tag-consejo-consultivo","12":"tag-empresas","13":"tag-ricardo-gallardo","14":"tag-san-luis","15":"tag-slp","16":"tag-soledad"},"_links":{"self":[{"href":"https:\/\/cronicadesoledad.com\/index.php\/wp-json\/wp\/v2\/posts\/16029","targetHints":{"allow":["GET"]}}],"collection":[{"href":"https:\/\/cronicadesoledad.com\/index.php\/wp-json\/wp\/v2\/posts"}],"about":[{"href":"https:\/\/cronicadesoledad.com\/index.php\/wp-json\/wp\/v2\/types\/post"}],"author":[{"embeddable":true,"href":"https:\/\/cronicadesoledad.com\/index.php\/wp-json\/wp\/v2\/users\/1"}],"replies":[{"embeddable":true,"href":"https:\/\/cronicadesoledad.com\/index.php\/wp-json\/wp\/v2\/comments?post=16029"}],"version-history":[{"count":1,"href":"https:\/\/cronicadesoledad.com\/index.php\/wp-json\/wp\/v2\/posts\/16029\/revisions"}],"predecessor-version":[{"id":16032,"href":"https:\/\/cronicadesoledad.com\/index.php\/wp-json\/wp\/v2\/posts\/16029\/revisions\/16032"}],"wp:featuredmedia":[{"embeddable":true,"href":"https:\/\/cronicadesoledad.com\/index.php\/wp-json\/wp\/v2\/media\/16030"}],"wp:attachment":[{"href":"https:\/\/cronicadesoledad.com\/index.php\/wp-json\/wp\/v2\/media?parent=16029"}],"wp:term":[{"taxonomy":"category","embeddable":true,"href":"https:\/\/cronicadesoledad.com\/index.php\/wp-json\/wp\/v2\/categories?post=16029"},{"taxonomy":"post_tag","embeddable":true,"href":"https:\/\/cronicadesoledad.com\/index.php\/wp-json\/wp\/v2\/tags?post=16029"}],"curies":[{"name":"wp","href":"https:\/\/api.w.org\/{rel}","templated":true}]}}