{"id":16049,"date":"2025-03-20T18:00:00","date_gmt":"2025-03-21T00:00:00","guid":{"rendered":"https:\/\/cronicadesoledad.com\/?p=16049"},"modified":"2025-03-20T17:11:48","modified_gmt":"2025-03-20T23:11:48","slug":"supervisaran-albercas-y-templos-en-villa-de-pozos","status":"publish","type":"post","link":"https:\/\/cronicadesoledad.com\/index.php\/2025\/03\/20\/supervisaran-albercas-y-templos-en-villa-de-pozos\/","title":{"rendered":"Supervisar\u00e1n albercas y templos en Villa de Pozos"},"content":{"rendered":"\n<p>Para prevenir incidentes y proteger a la comunidad durante el periodo vacacional, el Gobierno Municipal de Villa de Pozos, a trav\u00e9s de la Direcci\u00f3n de Protecci\u00f3n Civil, llevar\u00e1 a cabo un operativo de vigilancia en albercas de fraccionamientos y hoteles, as\u00ed como en espacios de alta concurrencia.<\/p>\n\n\n\n<p>El director de Protecci\u00f3n Civil Municipal, Antonio Z\u00fa\u00f1iga \u00c1vila, explic\u00f3 que se revisar\u00e1 el cumplimiento de medidas de seguridad en estos espacios, incluyendo la presencia de personal capacitado en primeros auxilios, reanimaci\u00f3n cardiopulmonar (RCP) y salvamento acu\u00e1tico. En caso de que no se cumplan estos requisitos, se aplicar\u00e1n sanciones, que pueden incluir la clausura del \u00e1rea para prevenir accidentes.<\/p>\n\n\n\n<p>Adem\u00e1s, como parte del operativo, se llevar\u00e1n a cabo inspecciones en templos y recintos religiosos para verificar que las celebraciones se realicen en condiciones seguras para los asistentes.<\/p>\n","protected":false},"excerpt":{"rendered":"<p>Para prevenir incidentes y proteger a la comunidad durante el periodo vacacional, el Gobierno Municipal de Villa de Pozos, a trav\u00e9s de la Direcci\u00f3n de Protecci\u00f3n Civil, llevar\u00e1 a cabo un operativo de vigilancia en albercas de fraccionamientos y hoteles, as\u00ed como en espacios de alta concurrencia. El director de Protecci\u00f3n Civil Municipal, Antonio Z\u00fa\u00f1iga [&hellip;]<\/p>\n","protected":false},"author":1,"featured_media":16050,"comment_status":"open","ping_status":"open","sticky":false,"template":"","format":"standard","meta":{"footnotes":""},"categories":[24,3175],"tags":[2301,294,261,1977,1068],"class_list":{"0":"post-16049","1":"post","2":"type-post","3":"status-publish","4":"format-standard","5":"has-post-thumbnail","7":"category-informacion-general","8":"category-pozos","9":"tag-albercas","10":"tag-san-luis","11":"tag-slp","12":"tag-vacaciones","13":"tag-villa-de-pozos"},"_links":{"self":[{"href":"https:\/\/cronicadesoledad.com\/index.php\/wp-json\/wp\/v2\/posts\/16049","targetHints":{"allow":["GET"]}}],"collection":[{"href":"https:\/\/cronicadesoledad.com\/index.php\/wp-json\/wp\/v2\/posts"}],"about":[{"href":"https:\/\/cronicadesoledad.com\/index.php\/wp-json\/wp\/v2\/types\/post"}],"author":[{"embeddable":true,"href":"https:\/\/cronicadesoledad.com\/index.php\/wp-json\/wp\/v2\/users\/1"}],"replies":[{"embeddable":true,"href":"https:\/\/cronicadesoledad.com\/index.php\/wp-json\/wp\/v2\/comments?post=16049"}],"version-history":[{"count":1,"href":"https:\/\/cronicadesoledad.com\/index.php\/wp-json\/wp\/v2\/posts\/16049\/revisions"}],"predecessor-version":[{"id":16051,"href":"https:\/\/cronicadesoledad.com\/index.php\/wp-json\/wp\/v2\/posts\/16049\/revisions\/16051"}],"wp:featuredmedia":[{"embeddable":true,"href":"https:\/\/cronicadesoledad.com\/index.php\/wp-json\/wp\/v2\/media\/16050"}],"wp:attachment":[{"href":"https:\/\/cronicadesoledad.com\/index.php\/wp-json\/wp\/v2\/media?parent=16049"}],"wp:term":[{"taxonomy":"category","embeddable":true,"href":"https:\/\/cronicadesoledad.com\/index.php\/wp-json\/wp\/v2\/categories?post=16049"},{"taxonomy":"post_tag","embeddable":true,"href":"https:\/\/cronicadesoledad.com\/index.php\/wp-json\/wp\/v2\/tags?post=16049"}],"curies":[{"name":"wp","href":"https:\/\/api.w.org\/{rel}","templated":true}]}}