{"id":16052,"date":"2025-03-20T18:30:00","date_gmt":"2025-03-21T00:30:00","guid":{"rendered":"https:\/\/cronicadesoledad.com\/?p=16052"},"modified":"2025-03-20T17:31:23","modified_gmt":"2025-03-20T23:31:23","slug":"desfile-primaveral-en-villa-de-pozos","status":"publish","type":"post","link":"https:\/\/cronicadesoledad.com\/index.php\/2025\/03\/20\/desfile-primaveral-en-villa-de-pozos\/","title":{"rendered":"Desfile primaveral en Villa de Pozos"},"content":{"rendered":"\n<p>Villa de Pozos vivi\u00f3 una ma\u00f1ana llena de alegr\u00eda, m\u00fasica y color, cuando m\u00e1s de 120 ni\u00f1os del Jard\u00edn de Ni\u00f1os \u201cJuan Miranda Uresti\u201d participaron en un desfile para dar la bienvenida a la primavera. Organizado por la Direcci\u00f3n de Cultura Municipal, el evento tuvo como objetivo promover la conciencia ecol\u00f3gica y fortalecer el v\u00ednculo de los ni\u00f1os con la naturaleza.<\/p>\n\n\n\n<p>El desfile, que tuvo lugar en el Jard\u00edn Principal del municipio, cont\u00f3 con la presencia de estudiantes de diferentes grados, quienes, con creatividad y entusiasmo, se unieron para transmitir un mensaje de amor y respeto por el medio ambiente. Los ni\u00f1os de primer grado, por ejemplo, mostraron carteles con mensajes sobre la importancia de cuidar la naturaleza, los cuales fueron exhibidos en varios puntos de la localidad. Los estudiantes de segundo grado, por su parte, cantaron una emotiva canci\u00f3n que celebraba la estaci\u00f3n, mientras que los ni\u00f1os de tercer grado declamaron una poes\u00eda que no solo celebraba la llegada de la primavera, sino tambi\u00e9n la amistad y la unidad.<\/p>\n\n\n\n<p>La directora de Cultura Municipal, Mar\u00eda del Carmen Mendoza Rocha, expres\u00f3 su agradecimiento a las madres y padres de familia por su activa participaci\u00f3n, destacando que su apoyo es clave para seguir desarrollando actividades culturales que refuercen la identidad local y fomenten una educaci\u00f3n de calidad. Adem\u00e1s, agradeci\u00f3 a la Presidenta Concejal, Teresa Rivera Acevedo, por su apoyo en la realizaci\u00f3n de estas iniciativas que enriquecen la vida comunitaria.<\/p>\n\n\n\n<p>El evento no solo se limit\u00f3 al desfile, sino que tambi\u00e9n incluy\u00f3 una divertida actividad en la Biblioteca Municipal \u201cDr. Francisco de As\u00eds Castro\u201d. All\u00ed, los asistentes disfrutaron de un show de marionetas, que encant\u00f3 tanto a los ni\u00f1os como a sus familias, sumando m\u00e1s color y diversi\u00f3n a la celebraci\u00f3n de la primavera.<\/p>\n","protected":false},"excerpt":{"rendered":"<p>Villa de Pozos vivi\u00f3 una ma\u00f1ana llena de alegr\u00eda, m\u00fasica y color, cuando m\u00e1s de 120 ni\u00f1os del Jard\u00edn de Ni\u00f1os \u201cJuan Miranda Uresti\u201d participaron en un desfile para dar la bienvenida a la primavera. Organizado por la Direcci\u00f3n de Cultura Municipal, el evento tuvo como objetivo promover la conciencia ecol\u00f3gica y fortalecer el v\u00ednculo [&hellip;]<\/p>\n","protected":false},"author":1,"featured_media":16053,"comment_status":"open","ping_status":"open","sticky":false,"template":"","format":"standard","meta":{"footnotes":""},"categories":[3171,24,3175],"tags":[334,3579,294,261,1068],"class_list":{"0":"post-16052","1":"post","2":"type-post","3":"status-publish","4":"format-standard","5":"has-post-thumbnail","7":"category-cultura","8":"category-informacion-general","9":"category-pozos","10":"tag-cultura","11":"tag-desfile-primaveral","12":"tag-san-luis","13":"tag-slp","14":"tag-villa-de-pozos"},"_links":{"self":[{"href":"https:\/\/cronicadesoledad.com\/index.php\/wp-json\/wp\/v2\/posts\/16052","targetHints":{"allow":["GET"]}}],"collection":[{"href":"https:\/\/cronicadesoledad.com\/index.php\/wp-json\/wp\/v2\/posts"}],"about":[{"href":"https:\/\/cronicadesoledad.com\/index.php\/wp-json\/wp\/v2\/types\/post"}],"author":[{"embeddable":true,"href":"https:\/\/cronicadesoledad.com\/index.php\/wp-json\/wp\/v2\/users\/1"}],"replies":[{"embeddable":true,"href":"https:\/\/cronicadesoledad.com\/index.php\/wp-json\/wp\/v2\/comments?post=16052"}],"version-history":[{"count":1,"href":"https:\/\/cronicadesoledad.com\/index.php\/wp-json\/wp\/v2\/posts\/16052\/revisions"}],"predecessor-version":[{"id":16054,"href":"https:\/\/cronicadesoledad.com\/index.php\/wp-json\/wp\/v2\/posts\/16052\/revisions\/16054"}],"wp:featuredmedia":[{"embeddable":true,"href":"https:\/\/cronicadesoledad.com\/index.php\/wp-json\/wp\/v2\/media\/16053"}],"wp:attachment":[{"href":"https:\/\/cronicadesoledad.com\/index.php\/wp-json\/wp\/v2\/media?parent=16052"}],"wp:term":[{"taxonomy":"category","embeddable":true,"href":"https:\/\/cronicadesoledad.com\/index.php\/wp-json\/wp\/v2\/categories?post=16052"},{"taxonomy":"post_tag","embeddable":true,"href":"https:\/\/cronicadesoledad.com\/index.php\/wp-json\/wp\/v2\/tags?post=16052"}],"curies":[{"name":"wp","href":"https:\/\/api.w.org\/{rel}","templated":true}]}}