{"id":16072,"date":"2025-03-20T23:56:55","date_gmt":"2025-03-21T05:56:55","guid":{"rendered":"https:\/\/cronicadesoledad.com\/?p=16072"},"modified":"2025-03-20T23:56:55","modified_gmt":"2025-03-21T05:56:55","slug":"san-luis-se-viste-de-fiesta-con-el-4-festival-internacional-en-primavera","status":"publish","type":"post","link":"https:\/\/cronicadesoledad.com\/index.php\/2025\/03\/20\/san-luis-se-viste-de-fiesta-con-el-4-festival-internacional-en-primavera\/","title":{"rendered":"San Luis se viste de Fiesta con el 4\u00b0 Festival Internacional en Primavera"},"content":{"rendered":"\n<p>San Luis Potos\u00ed se prepara para recibir una de las festividades m\u00e1s esperadas del a\u00f1o con la presentaci\u00f3n del Cuarto Festival Internacional San Luis en Primavera, que se llevar\u00e1 a cabo del 12 al 19 de abril de 2025. Este evento promete ser un escaparate cultural de gran envergadura, con una variedad de actividades para todos los gustos, entre ellas conciertos gratuitos, teatro, danza, talleres, exposiciones, conferencias, y m\u00e1s, en un esfuerzo por fortalecer la econom\u00eda local y reactivar el turismo en la regi\u00f3n.<\/p>\n\n\n\n<p>En un evento de lanzamiento que congreg\u00f3 a exgobernadores, legisladores, representantes de c\u00e1maras empresariales, el sector hotelero y comercial, as\u00ed como l\u00edderes de la sociedad civil, el Alcalde Enrique Galindo destac\u00f3 la importancia de esta celebraci\u00f3n como un legado cultural. \u201cEste festival, que lleva el nombre de mi querido Daniel de la Llera, mantiene viva una conexi\u00f3n profunda con nuestras ra\u00edces y es un reflejo del crecimiento de San Luis como un destino tur\u00edstico de primer nivel\u201d, se\u00f1al\u00f3 Galindo.<\/p>\n\n\n\n<p>El festival contar\u00e1 con la participaci\u00f3n de artistas de renombre, tanto nacionales como internacionales, y tiene como pa\u00eds invitado a Corea del Sur, lo que subraya la proyecci\u00f3n internacional del evento. Galindo afirm\u00f3 que este ser\u00e1 el festival m\u00e1s inclusivo de Am\u00e9rica Latina, promoviendo una agenda cultural accesible y diversa para toda la ciudadan\u00eda.<\/p>\n\n\n\n<p>A lo largo de la semana, los asistentes podr\u00e1n disfrutar de actuaciones destacadas en varios puntos de la ciudad. La Plaza de los Fundadores ser\u00e1 el epicentro de los conciertos, comenzando con un homenaje a Roberto Cantoral el 12 de abril, donde participar\u00e1n Eugenia Le\u00f3n, Fernando de la Mora y Ram\u00f3n Vargas. Otros grandes nombres como Natalia Jim\u00e9nez, Jorge Drexler, Ana B\u00e1rbara, Piso 21, y el 90\u2019s Pop Tour har\u00e1n de San Luis una de las principales plazas de conciertos en el pa\u00eds durante esos d\u00edas. El cierre del festival estar\u00e1 marcado por el espectacular C\u00f3mplices Tour 2025 con Daniel Boaventura y Filippa Giordano, programado para el 19 de abril.<\/p>\n\n\n\n<p>En paralelo, la Plaza de Aranzaz\u00fa ser\u00e1 sede de conciertos alternativos y de g\u00e9neros m\u00e1s variados, con artistas como Los Caligaris, The Mexican Sound Machine y Haggard, que llevar\u00e1n su m\u00fasica a los potosinos y visitantes. Adem\u00e1s, el Teatro de la Paz ser\u00e1 testigo de una Gala de Ballet con la participaci\u00f3n de Elisa Carrillo, mientras que la obra de teatro <em>Leonardo<\/em> con Rodrigo Murray cautivar\u00e1 a los amantes de las artes esc\u00e9nicas.<\/p>\n\n\n\n<p>El festival no solo se caracteriza por su oferta art\u00edstica, sino tambi\u00e9n por las experiencias gastron\u00f3micas. Se llevar\u00e1n a cabo catas y maridajes exclusivos en el Palacio Municipal, ofreciendo un sabor \u00fanico a los asistentes, quienes tambi\u00e9n podr\u00e1n disfrutar de actividades tradicionales como el Callej\u00f3n del Buche, que se celebrar\u00e1 el 11 de abril, como parte de las festividades.<\/p>\n\n\n\n<p>Con una inversi\u00f3n estimada que dejar\u00e1 una derrama econ\u00f3mica superior a los 500 millones de pesos, el Cuarto Festival Internacional San Luis en Primavera se posiciona como uno de los eventos m\u00e1s importantes en la agenda cultural y tur\u00edstica del pa\u00eds, consolid\u00e1ndose como una cita ineludible en el calendario de todos los mexicanos.<\/p>\n","protected":false},"excerpt":{"rendered":"<p>San Luis Potos\u00ed se prepara para recibir una de las festividades m\u00e1s esperadas del a\u00f1o con la presentaci\u00f3n del Cuarto Festival Internacional San Luis en Primavera, que se llevar\u00e1 a cabo del 12 al 19 de abril de 2025. Este evento promete ser un escaparate cultural de gran envergadura, con una variedad de actividades para [&hellip;]<\/p>\n","protected":false},"author":1,"featured_media":16073,"comment_status":"open","ping_status":"open","sticky":false,"template":"","format":"standard","meta":{"footnotes":""},"categories":[1,24,3163],"tags":[334,3586,3587,261],"class_list":{"0":"post-16072","1":"post","2":"type-post","3":"status-publish","4":"format-standard","5":"has-post-thumbnail","7":"category-destacadas","8":"category-informacion-general","9":"category-san-luis-potosi","10":"tag-cultura","11":"tag-festival-de-primavera","12":"tag-joao-felix","13":"tag-slp"},"_links":{"self":[{"href":"https:\/\/cronicadesoledad.com\/index.php\/wp-json\/wp\/v2\/posts\/16072","targetHints":{"allow":["GET"]}}],"collection":[{"href":"https:\/\/cronicadesoledad.com\/index.php\/wp-json\/wp\/v2\/posts"}],"about":[{"href":"https:\/\/cronicadesoledad.com\/index.php\/wp-json\/wp\/v2\/types\/post"}],"author":[{"embeddable":true,"href":"https:\/\/cronicadesoledad.com\/index.php\/wp-json\/wp\/v2\/users\/1"}],"replies":[{"embeddable":true,"href":"https:\/\/cronicadesoledad.com\/index.php\/wp-json\/wp\/v2\/comments?post=16072"}],"version-history":[{"count":1,"href":"https:\/\/cronicadesoledad.com\/index.php\/wp-json\/wp\/v2\/posts\/16072\/revisions"}],"predecessor-version":[{"id":16074,"href":"https:\/\/cronicadesoledad.com\/index.php\/wp-json\/wp\/v2\/posts\/16072\/revisions\/16074"}],"wp:featuredmedia":[{"embeddable":true,"href":"https:\/\/cronicadesoledad.com\/index.php\/wp-json\/wp\/v2\/media\/16073"}],"wp:attachment":[{"href":"https:\/\/cronicadesoledad.com\/index.php\/wp-json\/wp\/v2\/media?parent=16072"}],"wp:term":[{"taxonomy":"category","embeddable":true,"href":"https:\/\/cronicadesoledad.com\/index.php\/wp-json\/wp\/v2\/categories?post=16072"},{"taxonomy":"post_tag","embeddable":true,"href":"https:\/\/cronicadesoledad.com\/index.php\/wp-json\/wp\/v2\/tags?post=16072"}],"curies":[{"name":"wp","href":"https:\/\/api.w.org\/{rel}","templated":true}]}}