{"id":16163,"date":"2025-03-22T13:00:00","date_gmt":"2025-03-22T19:00:00","guid":{"rendered":"https:\/\/cronicadesoledad.com\/?p=16163"},"modified":"2025-03-22T12:36:33","modified_gmt":"2025-03-22T18:36:33","slug":"cero-tolerancia-contra-abusos-en-centros-penitenciarios-jose-luis-contreras","status":"publish","type":"post","link":"https:\/\/cronicadesoledad.com\/index.php\/2025\/03\/22\/cero-tolerancia-contra-abusos-en-centros-penitenciarios-jose-luis-contreras\/","title":{"rendered":"Cero tolerancia contra abusos en centros penitenciarios: Jos\u00e9 Luis Contreras"},"content":{"rendered":"\n<p>Personal del Centro de Reinserci\u00f3n de Rioverde, que fue captado agrediendo a golpes a un hombre privado de la libertad&nbsp; est\u00e1n sujetos a investigaci\u00f3n y de inmediato fueron separados del cargo incluyendo su director, Arturo Cruz Andrade, confirm\u00f3 el Secretario de Seguridad en el Estado, Jos\u00e9 Luis Ruiz Contreras.<\/p>\n\n\n\n<p>Ello es parte de la pol\u00edtica de cero tolerancia contra abusos que cometan los servidores p\u00fablicos en contra de la ciudadan\u00eda, \u201cson actos lamentable y que no ser\u00e1n permitidos, por lo cual fueron separados de sus cargos de manera inmediata a la par de abrirse una investigaci\u00f3n ante los \u00f3rganos de control interno\u201d.<\/p>\n\n\n\n<p>Ruiz Contreras, detall\u00f3 que se instruy\u00f3 a la Direcci\u00f3n de Prevenci\u00f3n y Reinserci\u00f3n Social de establecer las medidas correctivas necesarias comenzando por la separaci\u00f3n del cargo de por lo menos cuatro servidores p\u00fablicos que fueron captados en el video en menci\u00f3n, \u201cy con ello determinar el grado de responsabilidad de cada uno, mientras tanto est\u00e1n fuera de servicio\u201d, reiter\u00f3.<\/p>\n\n\n\n<p>Desde un inicio no se han tolerado que afecten los derechos humanos de las Personas Privadas de la Libertad, por lo que adem\u00e1s habr\u00e1 acercamiento con la comunidad penitenciaria de aquella regi\u00f3n para conocer sus dudas e inquietudes y adem\u00e1s brindarles asesor\u00eda en temas legales, puntualiz\u00f3 el titular de la SSPCE.<\/p>\n","protected":false},"excerpt":{"rendered":"<p>Personal del Centro de Reinserci\u00f3n de Rioverde, que fue captado agrediendo a golpes a un hombre privado de la libertad&nbsp; est\u00e1n sujetos a investigaci\u00f3n y de inmediato fueron separados del cargo incluyendo su director, Arturo Cruz Andrade, confirm\u00f3 el Secretario de Seguridad en el Estado, Jos\u00e9 Luis Ruiz Contreras. Ello es parte de la pol\u00edtica [&hellip;]<\/p>\n","protected":false},"author":1,"featured_media":16164,"comment_status":"open","ping_status":"open","sticky":false,"template":"","format":"standard","meta":{"footnotes":""},"categories":[30,24,3163,3080],"tags":[3616,2811,3615,294,276,261,27],"class_list":{"0":"post-16163","1":"post","2":"type-post","3":"status-publish","4":"format-standard","5":"has-post-thumbnail","7":"category-de-la-region-centro","8":"category-informacion-general","9":"category-san-luis-potosi","10":"category-slp","11":"tag-abuso-penitenciario","12":"tag-jose-luis-ruiz-contreras","13":"tag-rioverde","14":"tag-san-luis","15":"tag-seguridad","16":"tag-slp","17":"tag-soledad"},"_links":{"self":[{"href":"https:\/\/cronicadesoledad.com\/index.php\/wp-json\/wp\/v2\/posts\/16163","targetHints":{"allow":["GET"]}}],"collection":[{"href":"https:\/\/cronicadesoledad.com\/index.php\/wp-json\/wp\/v2\/posts"}],"about":[{"href":"https:\/\/cronicadesoledad.com\/index.php\/wp-json\/wp\/v2\/types\/post"}],"author":[{"embeddable":true,"href":"https:\/\/cronicadesoledad.com\/index.php\/wp-json\/wp\/v2\/users\/1"}],"replies":[{"embeddable":true,"href":"https:\/\/cronicadesoledad.com\/index.php\/wp-json\/wp\/v2\/comments?post=16163"}],"version-history":[{"count":1,"href":"https:\/\/cronicadesoledad.com\/index.php\/wp-json\/wp\/v2\/posts\/16163\/revisions"}],"predecessor-version":[{"id":16165,"href":"https:\/\/cronicadesoledad.com\/index.php\/wp-json\/wp\/v2\/posts\/16163\/revisions\/16165"}],"wp:featuredmedia":[{"embeddable":true,"href":"https:\/\/cronicadesoledad.com\/index.php\/wp-json\/wp\/v2\/media\/16164"}],"wp:attachment":[{"href":"https:\/\/cronicadesoledad.com\/index.php\/wp-json\/wp\/v2\/media?parent=16163"}],"wp:term":[{"taxonomy":"category","embeddable":true,"href":"https:\/\/cronicadesoledad.com\/index.php\/wp-json\/wp\/v2\/categories?post=16163"},{"taxonomy":"post_tag","embeddable":true,"href":"https:\/\/cronicadesoledad.com\/index.php\/wp-json\/wp\/v2\/tags?post=16163"}],"curies":[{"name":"wp","href":"https:\/\/api.w.org\/{rel}","templated":true}]}}