{"id":16179,"date":"2025-03-23T15:56:38","date_gmt":"2025-03-23T21:56:38","guid":{"rendered":"https:\/\/cronicadesoledad.com\/?p=16179"},"modified":"2025-03-23T15:56:38","modified_gmt":"2025-03-23T21:56:38","slug":"refuerzan-operativos-en-chapultepec-para-controlar-ruidos-y-regularizar-comercios","status":"publish","type":"post","link":"https:\/\/cronicadesoledad.com\/index.php\/2025\/03\/23\/refuerzan-operativos-en-chapultepec-para-controlar-ruidos-y-regularizar-comercios\/","title":{"rendered":"Refuerzan operativos en Chapultepec para controlar ruidos y regularizar comercios"},"content":{"rendered":"\n<p>Con el objetivo de mantener un entorno ordenado y regularizado en la ciudad, el Gobierno de la Capital, a trav\u00e9s de la Direcci\u00f3n de Comercio, intensific\u00f3 los operativos de inspecci\u00f3n en la zona de Chapultepec, en particular en la Avenida Parque Chapultepec y Residencial del Parque.<\/p>\n\n\n\n<p>El s\u00e1bado pasado, inspectores municipales realizaron una serie de revisiones en los establecimientos de la zona para verificar que los negocios cuenten con las Licencias de Funcionamiento correspondientes. El prop\u00f3sito de esta acci\u00f3n es asegurar que los comercios operen bajo los lineamientos establecidos, promoviendo as\u00ed un comercio responsable y en pleno cumplimiento con la normatividad vigente.<\/p>\n\n\n\n<p>Adem\u00e1s, ante las denuncias ciudadanas recibidas por ruidos molestos provenientes de bares y restaurantes en Residencial del Parque, la Direcci\u00f3n de Comercio en conjunto con la Direcci\u00f3n de Gesti\u00f3n Ecol\u00f3gica y Manejo de Residuos, llevaron a cabo una supervisi\u00f3n nocturna para medir los niveles de ruido. Esta intervenci\u00f3n busca regularizar las actividades comerciales que puedan afectar la tranquilidad de los residentes, garantizando que los niveles sonoros se ajusten a los par\u00e1metros permitidos por las normativas municipales.<\/p>\n","protected":false},"excerpt":{"rendered":"<p>Con el objetivo de mantener un entorno ordenado y regularizado en la ciudad, el Gobierno de la Capital, a trav\u00e9s de la Direcci\u00f3n de Comercio, intensific\u00f3 los operativos de inspecci\u00f3n en la zona de Chapultepec, en particular en la Avenida Parque Chapultepec y Residencial del Parque. El s\u00e1bado pasado, inspectores municipales realizaron una serie de [&hellip;]<\/p>\n","protected":false},"author":1,"featured_media":16180,"comment_status":"open","ping_status":"open","sticky":false,"template":"","format":"standard","meta":{"footnotes":""},"categories":[24,3163],"tags":[3622,529,261],"class_list":{"0":"post-16179","1":"post","2":"type-post","3":"status-publish","4":"format-standard","5":"has-post-thumbnail","7":"category-informacion-general","8":"category-san-luis-potosi","9":"tag-chapultepec","10":"tag-operativos","11":"tag-slp"},"_links":{"self":[{"href":"https:\/\/cronicadesoledad.com\/index.php\/wp-json\/wp\/v2\/posts\/16179","targetHints":{"allow":["GET"]}}],"collection":[{"href":"https:\/\/cronicadesoledad.com\/index.php\/wp-json\/wp\/v2\/posts"}],"about":[{"href":"https:\/\/cronicadesoledad.com\/index.php\/wp-json\/wp\/v2\/types\/post"}],"author":[{"embeddable":true,"href":"https:\/\/cronicadesoledad.com\/index.php\/wp-json\/wp\/v2\/users\/1"}],"replies":[{"embeddable":true,"href":"https:\/\/cronicadesoledad.com\/index.php\/wp-json\/wp\/v2\/comments?post=16179"}],"version-history":[{"count":1,"href":"https:\/\/cronicadesoledad.com\/index.php\/wp-json\/wp\/v2\/posts\/16179\/revisions"}],"predecessor-version":[{"id":16181,"href":"https:\/\/cronicadesoledad.com\/index.php\/wp-json\/wp\/v2\/posts\/16179\/revisions\/16181"}],"wp:featuredmedia":[{"embeddable":true,"href":"https:\/\/cronicadesoledad.com\/index.php\/wp-json\/wp\/v2\/media\/16180"}],"wp:attachment":[{"href":"https:\/\/cronicadesoledad.com\/index.php\/wp-json\/wp\/v2\/media?parent=16179"}],"wp:term":[{"taxonomy":"category","embeddable":true,"href":"https:\/\/cronicadesoledad.com\/index.php\/wp-json\/wp\/v2\/categories?post=16179"},{"taxonomy":"post_tag","embeddable":true,"href":"https:\/\/cronicadesoledad.com\/index.php\/wp-json\/wp\/v2\/tags?post=16179"}],"curies":[{"name":"wp","href":"https:\/\/api.w.org\/{rel}","templated":true}]}}