{"id":16244,"date":"2025-03-24T04:10:00","date_gmt":"2025-03-24T10:10:00","guid":{"rendered":"https:\/\/cronicadesoledad.com\/?p=16244"},"modified":"2025-03-24T01:00:23","modified_gmt":"2025-03-24T07:00:23","slug":"alcalde-navarro-anuncia-modernizacion-del-rastro","status":"publish","type":"post","link":"https:\/\/cronicadesoledad.com\/index.php\/2025\/03\/24\/alcalde-navarro-anuncia-modernizacion-del-rastro\/","title":{"rendered":"Alcalde Navarro anuncia modernizaci\u00f3n del Rastro"},"content":{"rendered":"\n<p>En aras de modernizar y fortalecer la infraestructura del Rastro municipal de Soledad de Graciano S\u00e1nchez, el Alcalde Juan Manuel Navarro Mu\u00f1iz anunci\u00f3 que se encuentra en proceso la presentaci\u00f3n del proyecto de remodelaci\u00f3n integral, el cual contar\u00e1 con una inversi\u00f3n conjunta de 30 millones de pesos, en colaboraci\u00f3n con el Gobierno del Estado, acci\u00f3n trascendental para el impulso de productores locales.<\/p>\n\n\n\n<p>El edil soledense destac\u00f3 que el Gobierno Municipal trabaja en el proyecto para su pronta ejecuci\u00f3n. \u201cEstamos contentos de anunciar este proyecto, hay una propuesta del Gobernador del Estado, Ricardo Gallardo Cardona, de aportar 15 millones y nosotros otro tanto igual, para modernizar este centro de matanza, desde su infraestructura, equipamiento, procesos de trabajo, y as\u00ed mejorar las condiciones para las y los productores del campo que dependen de este servicio\u201d, afirm\u00f3.<\/p>\n\n\n\n<p>El Alcalde subray\u00f3 la importancia de este plan de trabajo, ya que permitir\u00e1 optimizar el proceso de sacrificio de animales, garantizar est\u00e1ndares de sanidad adecuados y consolidar al Rastro como un punto clave para la actividad agropecuaria en la regi\u00f3n. Adem\u00e1s, mencion\u00f3 que las obras se centrar\u00e1n principalmente en la adquisici\u00f3n de equipo de refrigeraci\u00f3n y otros insumos que permitir\u00e1n al Rastro cumplir con todas las certificaciones necesarias.<\/p>\n\n\n\n<p>\u201cEste mismo a\u00f1o tiene que quedar listo, porque es un tema m\u00e1s de equipo y refrigeraci\u00f3n que de trabajos f\u00edsicos, queremos tener un Rastro modelo y estar a la vanguardia en Soledad\u201d, agreg\u00f3.<\/p>\n\n\n\n<p>Finalmente, Navarro Mu\u00f1iz enfatiz\u00f3 que este esfuerzo responde a las peticiones del sector agropecuario local, y asegur\u00f3 que el Ayuntamiento mantiene la cercan\u00eda y un compromiso firme con el desarrollo del campo y el fortalecimiento de su econom\u00eda.<\/p>\n","protected":false},"excerpt":{"rendered":"<p>En aras de modernizar y fortalecer la infraestructura del Rastro municipal de Soledad de Graciano S\u00e1nchez, el Alcalde Juan Manuel Navarro Mu\u00f1iz anunci\u00f3 que se encuentra en proceso la presentaci\u00f3n del proyecto de remodelaci\u00f3n integral, el cual contar\u00e1 con una inversi\u00f3n conjunta de 30 millones de pesos, en colaboraci\u00f3n con el Gobierno del Estado, acci\u00f3n [&hellip;]<\/p>\n","protected":false},"author":2,"featured_media":16245,"comment_status":"open","ping_status":"open","sticky":false,"template":"","format":"standard","meta":{"footnotes":""},"categories":[1,24,21],"tags":[1968,223,1967,2128,999,294,261,27],"class_list":{"0":"post-16244","1":"post","2":"type-post","3":"status-publish","4":"format-standard","5":"has-post-thumbnail","7":"category-destacadas","8":"category-informacion-general","9":"category-tu-soledad","10":"tag-alcalde","11":"tag-ayuntamiento-soledense","12":"tag-juan-manuel-navarro","13":"tag-modernizacion","14":"tag-rastro-municipal","15":"tag-san-luis","16":"tag-slp","17":"tag-soledad"},"_links":{"self":[{"href":"https:\/\/cronicadesoledad.com\/index.php\/wp-json\/wp\/v2\/posts\/16244","targetHints":{"allow":["GET"]}}],"collection":[{"href":"https:\/\/cronicadesoledad.com\/index.php\/wp-json\/wp\/v2\/posts"}],"about":[{"href":"https:\/\/cronicadesoledad.com\/index.php\/wp-json\/wp\/v2\/types\/post"}],"author":[{"embeddable":true,"href":"https:\/\/cronicadesoledad.com\/index.php\/wp-json\/wp\/v2\/users\/2"}],"replies":[{"embeddable":true,"href":"https:\/\/cronicadesoledad.com\/index.php\/wp-json\/wp\/v2\/comments?post=16244"}],"version-history":[{"count":1,"href":"https:\/\/cronicadesoledad.com\/index.php\/wp-json\/wp\/v2\/posts\/16244\/revisions"}],"predecessor-version":[{"id":16246,"href":"https:\/\/cronicadesoledad.com\/index.php\/wp-json\/wp\/v2\/posts\/16244\/revisions\/16246"}],"wp:featuredmedia":[{"embeddable":true,"href":"https:\/\/cronicadesoledad.com\/index.php\/wp-json\/wp\/v2\/media\/16245"}],"wp:attachment":[{"href":"https:\/\/cronicadesoledad.com\/index.php\/wp-json\/wp\/v2\/media?parent=16244"}],"wp:term":[{"taxonomy":"category","embeddable":true,"href":"https:\/\/cronicadesoledad.com\/index.php\/wp-json\/wp\/v2\/categories?post=16244"},{"taxonomy":"post_tag","embeddable":true,"href":"https:\/\/cronicadesoledad.com\/index.php\/wp-json\/wp\/v2\/tags?post=16244"}],"curies":[{"name":"wp","href":"https:\/\/api.w.org\/{rel}","templated":true}]}}